{"id":17962,"date":"2024-06-20T09:34:08","date_gmt":"2024-06-20T12:34:08","guid":{"rendered":"https:\/\/www.rosarioalerta.com.ar\/site\/?p=17962"},"modified":"2024-06-20T09:34:16","modified_gmt":"2024-06-20T12:34:16","slug":"intentaron-robarle-la-moto-y-quedo-detenido","status":"publish","type":"post","link":"https:\/\/www.rosarioalerta.com.ar\/site\/archivos\/17962","title":{"rendered":"Intentaron robarle la moto y qued\u00f3 detenido"},"content":{"rendered":"\n<p><\/p>\n\n\n\n<p>Tambi\u00e9n le secuestraron un arma de fuego. En otro hecho bomberos voluntarios colaboraron en un siniestro vial &nbsp;<\/p>\n\n\n\n<p>Un operativo policial llevado adelante en la zona de <strong>Marcos Paz y Ecuador<\/strong> culmin\u00f3 con la intercepci\u00f3n de uno de los malvivientes, mientras que el restante logr\u00f3 escaparse, secuestrando un arma de fuego.<\/p>\n\n\n\n<p>La intervenci\u00f3n se inici\u00f3 tras la denuncia de una mujer, quien asegur\u00f3 que dos individuos en una motocicleta roja de 150cc intentaron robarle. Con la descripci\u00f3n aportada, los agentes se trasladaron a las inmediaciones de las <strong>Cuatro Plazas<\/strong>, donde divisaron a dos personas con las caracter\u00edsticas brindadas.<\/p>\n\n\n\n<p>Al intentar ser identificados, &nbsp;el que se encontraba a bordo de la moto, escap\u00f3, mientras que el restante fue detenido y le secuestraron un arma de fuego tipo rev\u00f3lver calibre 32 marca Jaguar, que conten\u00eda 4 municiones del mismo calibre.<\/p>\n\n\n\n<p>El arma qued\u00f3 a disposici\u00f3n de la Justicia y se contin\u00faan las investigaciones para determinar el origen de la misma y la posible vinculaci\u00f3n de los individuos con el hecho denunciado. El sujeto qued\u00f3 detenido en la <strong>Comisar\u00eda 14\u00ba<\/strong><\/p>\n\n\n\n<figure class=\"wp-block-image size-large\"><img loading=\"lazy\" decoding=\"async\" width=\"1024\" height=\"576\" src=\"https:\/\/www.rosarioalerta.com.ar\/site\/wp-content\/uploads\/2024\/06\/choque--1024x576.jpg\" alt=\"\" class=\"wp-image-17964\" srcset=\"https:\/\/www.rosarioalerta.com.ar\/site\/wp-content\/uploads\/2024\/06\/choque--1024x576.jpg 1024w, https:\/\/www.rosarioalerta.com.ar\/site\/wp-content\/uploads\/2024\/06\/choque--300x169.jpg 300w, https:\/\/www.rosarioalerta.com.ar\/site\/wp-content\/uploads\/2024\/06\/choque--768x432.jpg 768w, https:\/\/www.rosarioalerta.com.ar\/site\/wp-content\/uploads\/2024\/06\/choque--1536x864.jpg 1536w, https:\/\/www.rosarioalerta.com.ar\/site\/wp-content\/uploads\/2024\/06\/choque--696x392.jpg 696w, https:\/\/www.rosarioalerta.com.ar\/site\/wp-content\/uploads\/2024\/06\/choque--1068x601.jpg 1068w, https:\/\/www.rosarioalerta.com.ar\/site\/wp-content\/uploads\/2024\/06\/choque--747x420.jpg 747w, https:\/\/www.rosarioalerta.com.ar\/site\/wp-content\/uploads\/2024\/06\/choque-.jpg 1920w\" sizes=\"auto, (max-width: 1024px) 100vw, 1024px\" \/><\/figure>\n\n\n\n<p>Mientras tanto, durante la tarde del mi\u00e9rcoles, se produjo un siniestro vial sobre la <strong>Autopista Rosario-Santa Fe<\/strong>, a la altura de <strong>Fray Luis Beltr\u00e1n<\/strong>, y dej\u00f3 como saldo dos personas mayores y dos ni\u00f1os con lesiones leves.<\/p>\n\n\n\n<p>El choque involucr\u00f3 a dos veh\u00edculos, uno conducido por una persona mayor y el otro por dos personas mayores y dos ni\u00f1os.<\/p>\n\n\n\n<p>Personal de Bomberos Voluntarios asegur\u00f3 la escena del lugar y brind\u00f3 contenci\u00f3n a los ni\u00f1os hasta la llegada de una ambulancia. El servicio de emergencia evalu\u00f3 a los heridos, quienes no revistieron gravedad.<\/p>\n\n\n\n<p>El tr\u00e1nsito en la autopista se vio afectado por aproximadamente media hora debido al trabajo de los <strong>Bomberos Voluntarios de Fray Luis Beltr\u00e1n<\/strong>.<\/p>\n\n\n\n<p>Estos hechos ponen de manifiesto la importancia de la colaboraci\u00f3n ciudadana para prevenir delitos y la necesidad de extremar las precauciones al conducir en las rutas.<\/p>\n\n\n\n<p>Se recuerda que, ante cualquier situaci\u00f3n de emergencia, se debe llamar a la <strong>Central de Emergencias del 911<\/strong>.<\/p>\n<div class=\"newspaper-x-tags\"><strong>TAGS: <\/strong><span><a href=\"https:\/\/www.rosarioalerta.com.ar\/site\/archivos\/tag\/fray-luis-beltran\" rel=\"tag\">Fray Luis Beltr\u00e1n<\/a><\/span><a href=\"https:\/\/www.rosarioalerta.com.ar\/site\/archivos\/tag\/noticias-de-fray-luis-beltran\" rel=\"tag\">Noticias de Fray Luis Beltr\u00e1n<\/a><\/span><a href=\"https:\/\/www.rosarioalerta.com.ar\/site\/archivos\/tag\/noticias-de-rosario\" rel=\"tag\">Noticias de Rosario<\/a><\/span><a href=\"https:\/\/www.rosarioalerta.com.ar\/site\/archivos\/tag\/rosario\" rel=\"tag\">Rosario<\/a><\/span><a href=\"https:\/\/www.rosarioalerta.com.ar\/site\/archivos\/tag\/santa-fe\" rel=\"tag\">Santa Fe<\/a> <\/div>","protected":false},"excerpt":{"rendered":"<p>Tambi\u00e9n le secuestraron un arma de fuego. En otro hecho bomberos voluntarios colaboraron en un siniestro vial &nbsp; Un operativo policial llevado adelante en la zona de Marcos Paz y Ecuador culmin\u00f3 con la intercepci\u00f3n de uno de los malvivientes, mientras que el restante logr\u00f3 escaparse, secuestrando un arma de fuego. La intervenci\u00f3n se inici\u00f3 [&hellip;]<\/p>\n","protected":false},"author":2,"featured_media":17963,"comment_status":"open","ping_status":"open","sticky":false,"template":"","format":"standard","meta":{"_joinchat":[],"footnotes":""},"categories":[11,21,14,10],"tags":[281,282,95,55,65],"class_list":["post-17962","post","type-post","status-publish","format-standard","has-post-thumbnail","hentry","category-detenidos","category-noticias","category-policiales","category-siniestros-viales","tag-fray-luis-beltran","tag-noticias-de-fray-luis-beltran","tag-noticias-de-rosario","tag-rosario","tag-santa-fe"],"_links":{"self":[{"href":"https:\/\/www.rosarioalerta.com.ar\/site\/wp-json\/wp\/v2\/posts\/17962","targetHints":{"allow":["GET"]}}],"collection":[{"href":"https:\/\/www.rosarioalerta.com.ar\/site\/wp-json\/wp\/v2\/posts"}],"about":[{"href":"https:\/\/www.rosarioalerta.com.ar\/site\/wp-json\/wp\/v2\/types\/post"}],"author":[{"embeddable":true,"href":"https:\/\/www.rosarioalerta.com.ar\/site\/wp-json\/wp\/v2\/users\/2"}],"replies":[{"embeddable":true,"href":"https:\/\/www.rosarioalerta.com.ar\/site\/wp-json\/wp\/v2\/comments?post=17962"}],"version-history":[{"count":1,"href":"https:\/\/www.rosarioalerta.com.ar\/site\/wp-json\/wp\/v2\/posts\/17962\/revisions"}],"predecessor-version":[{"id":17965,"href":"https:\/\/www.rosarioalerta.com.ar\/site\/wp-json\/wp\/v2\/posts\/17962\/revisions\/17965"}],"wp:featuredmedia":[{"embeddable":true,"href":"https:\/\/www.rosarioalerta.com.ar\/site\/wp-json\/wp\/v2\/media\/17963"}],"wp:attachment":[{"href":"https:\/\/www.rosarioalerta.com.ar\/site\/wp-json\/wp\/v2\/media?parent=17962"}],"wp:term":[{"taxonomy":"category","embeddable":true,"href":"https:\/\/www.rosarioalerta.com.ar\/site\/wp-json\/wp\/v2\/categories?post=17962"},{"taxonomy":"post_tag","embeddable":true,"href":"https:\/\/www.rosarioalerta.com.ar\/site\/wp-json\/wp\/v2\/tags?post=17962"}],"curies":[{"name":"wp","href":"https:\/\/api.w.org\/{rel}","templated":true}]}}