{"id":17704,"date":"2024-06-09T09:51:56","date_gmt":"2024-06-09T12:51:56","guid":{"rendered":"https:\/\/www.rosarioalerta.com.ar\/site\/?p=17704"},"modified":"2024-06-09T09:51:59","modified_gmt":"2024-06-09T12:51:59","slug":"dos-heridos-en-un-siniestro-vial-en-fray-luis-beltran","status":"publish","type":"post","link":"https:\/\/www.rosarioalerta.com.ar\/site\/archivos\/17704","title":{"rendered":"Dos heridos en un siniestro vial en Fray Luis Beltr\u00e1n"},"content":{"rendered":"\n<p><\/p>\n\n\n\n<p>Una violenta colisi\u00f3n entre una Volkswagen Suran y un Fiat Uno dej\u00f3 como saldo dos personas heridas de gravedad<\/p>\n\n\n\n<p>El accidente ocurri\u00f3 alrededor de las 19 en la intersecci\u00f3n de calles <strong>San Mart\u00edn y Avellaneda.<\/strong> Al arribar al lugar, los <strong>Bomberos Voluntarios de Fray Luis Beltr\u00e1n<\/strong> encontraron a cinco personas atrapadas en los dos veh\u00edculos. Con un arduo trabajo de rescate, lograron extraer e inmovilizar a las v\u00edctimas mediante tablas de rescate y collares cervicales.<\/p>\n\n\n\n<p>Dos de las cinco personas resultaron con lesiones de consideraci\u00f3n, por lo que fueron trasladadas al <strong>Hospital Granaderos a Caballos de San Lorenzo<\/strong>. Las restantes tres personas, afortunadamente, no sufrieron heridas de gravedad.<\/p>\n\n\n\n<p>En el lugar del hecho tambi\u00e9n trabajaron ambulancias del <strong>SIES<\/strong>, personal de motorizada, Comisar\u00eda 4\u00ba, Comando Radioel\u00e9ctrico y personal de tr\u00e1nsito municipal.<\/p>\n\n\n\n<p>Las causas del accidente a\u00fan est\u00e1n siendo investigadas por las autoridades. Se presume que uno de los dos veh\u00edculos cruz\u00f3 la calle sin respetar la se\u00f1alizaci\u00f3n, lo que provoc\u00f3 la colisi\u00f3n.<\/p>\n\n\n\n<p>Este nuevo hecho de tr\u00e1nsito enciende las alarmas a la comunidad de Fray Luis Beltr\u00e1n por la seguridad vial. Es importante recordar la necesidad de conducir con precauci\u00f3n y respetar las normas de tr\u00e1nsito para evitar tragedias como esta.<\/p>\n\n\n\n<p>Desde <strong>Bomberos Voluntarios de Fray Luis Beltr\u00e1n<\/strong> hacen un llamado a la responsabilidad y la conciencia al volante. Se recuerda que la vida est\u00e1 primero y que la velocidad y la imprudencia pueden tener consecuencias fatales<\/p>\n<div class=\"newspaper-x-tags\"><strong>TAGS: <\/strong><span><a href=\"https:\/\/www.rosarioalerta.com.ar\/site\/archivos\/tag\/fray-luis-beltran\" rel=\"tag\">Fray Luis Beltr\u00e1n<\/a><\/span><a href=\"https:\/\/www.rosarioalerta.com.ar\/site\/archivos\/tag\/noticias-de-fray-luis-beltran\" rel=\"tag\">Noticias de Fray Luis Beltr\u00e1n<\/a><\/span><a href=\"https:\/\/www.rosarioalerta.com.ar\/site\/archivos\/tag\/santa-fe\" rel=\"tag\">Santa Fe<\/a> <\/div>","protected":false},"excerpt":{"rendered":"<p>Una violenta colisi\u00f3n entre una Volkswagen Suran y un Fiat Uno dej\u00f3 como saldo dos personas heridas de gravedad El accidente ocurri\u00f3 alrededor de las 19 en la intersecci\u00f3n de calles San Mart\u00edn y Avellaneda. Al arribar al lugar, los Bomberos Voluntarios de Fray Luis Beltr\u00e1n encontraron a cinco personas atrapadas en los dos veh\u00edculos. [&hellip;]<\/p>\n","protected":false},"author":2,"featured_media":17705,"comment_status":"open","ping_status":"open","sticky":false,"template":"","format":"standard","meta":{"_joinchat":[],"footnotes":""},"categories":[17,21,14,10],"tags":[281,282,65],"class_list":["post-17704","post","type-post","status-publish","format-standard","has-post-thumbnail","hentry","category-heridos","category-noticias","category-policiales","category-siniestros-viales","tag-fray-luis-beltran","tag-noticias-de-fray-luis-beltran","tag-santa-fe"],"_links":{"self":[{"href":"https:\/\/www.rosarioalerta.com.ar\/site\/wp-json\/wp\/v2\/posts\/17704","targetHints":{"allow":["GET"]}}],"collection":[{"href":"https:\/\/www.rosarioalerta.com.ar\/site\/wp-json\/wp\/v2\/posts"}],"about":[{"href":"https:\/\/www.rosarioalerta.com.ar\/site\/wp-json\/wp\/v2\/types\/post"}],"author":[{"embeddable":true,"href":"https:\/\/www.rosarioalerta.com.ar\/site\/wp-json\/wp\/v2\/users\/2"}],"replies":[{"embeddable":true,"href":"https:\/\/www.rosarioalerta.com.ar\/site\/wp-json\/wp\/v2\/comments?post=17704"}],"version-history":[{"count":1,"href":"https:\/\/www.rosarioalerta.com.ar\/site\/wp-json\/wp\/v2\/posts\/17704\/revisions"}],"predecessor-version":[{"id":17706,"href":"https:\/\/www.rosarioalerta.com.ar\/site\/wp-json\/wp\/v2\/posts\/17704\/revisions\/17706"}],"wp:featuredmedia":[{"embeddable":true,"href":"https:\/\/www.rosarioalerta.com.ar\/site\/wp-json\/wp\/v2\/media\/17705"}],"wp:attachment":[{"href":"https:\/\/www.rosarioalerta.com.ar\/site\/wp-json\/wp\/v2\/media?parent=17704"}],"wp:term":[{"taxonomy":"category","embeddable":true,"href":"https:\/\/www.rosarioalerta.com.ar\/site\/wp-json\/wp\/v2\/categories?post=17704"},{"taxonomy":"post_tag","embeddable":true,"href":"https:\/\/www.rosarioalerta.com.ar\/site\/wp-json\/wp\/v2\/tags?post=17704"}],"curies":[{"name":"wp","href":"https:\/\/api.w.org\/{rel}","templated":true}]}}