{"id":17595,"date":"2024-06-04T06:37:18","date_gmt":"2024-06-04T09:37:18","guid":{"rendered":"https:\/\/www.rosarioalerta.com.ar\/site\/?p=17595"},"modified":"2024-06-04T06:37:20","modified_gmt":"2024-06-04T09:37:20","slug":"la-comision-de-control-y-seguridad-ciudadana-analizo-varios-temas","status":"publish","type":"post","link":"https:\/\/www.rosarioalerta.com.ar\/site\/archivos\/17595","title":{"rendered":"La Comisi\u00f3n de Control y Seguridad Ciudadana analiz\u00f3 varios temas"},"content":{"rendered":"\n<p><\/p>\n\n\n\n<p>Hubo pedidos de informe sobre distintos puntos sobre la seguridad, pidieron informes de controles de alcoholemia y hablaron de Trata<\/p>\n\n\n\n<p>La Comisi\u00f3n de Control, Convivencia y Seguridad Ciudadana del Concejo Municipal de Rosario se reuni\u00f3 este lunes para analizar diversos temas relacionados con la seguridad y la violencia en la ciudad.<\/p>\n\n\n\n<p><strong>Pedidos por mayor seguridad en el Pasaje Fabricio Simeoni<\/strong><\/p>\n\n\n\n<p>La concejala <strong>Mar\u00eda Fernanda Gigliani<\/strong>, junto a <strong>J\u00e9sica Pellegrini<\/strong>, presentaron un pedido de la organizaci\u00f3n <strong>Las Safinas<\/strong> para mejorar las condiciones de seguridad en la zona del <strong>Pasaje<\/strong> <strong>Fabricio Simeoni al 1100<\/strong>, donde se encuentra el local &#8220;La Vulver\u00eda&#8221;.<\/p>\n\n\n\n<p>&#8220;Es un tema hist\u00f3rico&#8221; los reclamos respecto a ese sector de la ciudad y record\u00f3 que el Concejo en su momento vot\u00f3 transformar el \u00e1rea &#8220;en zona calma, con pretiles&#8221;.<\/p>\n\n\n\n<p>El concejal Fabrizio Fiatti de Arriba Rosario anticip\u00f3 que pedir\u00e1 al Departamento Ejecutivo que incorpore esa cuadra &#8220;de forma inmediata, a los operativos conjuntos entre la Municipalidad y la polic\u00eda provincial&#8221; respecto al tema cuidacoches.<\/p>\n\n\n\n<p><strong>Programa Mediadores Comunitarios contra las Violencias<\/strong><\/p>\n\n\n\n<p>Se analiz\u00f3, y qued\u00f3 en estudio, un proyecto de la edil Julia Eva Irigoitia, con su par, Mar\u00eda Fernanda Rey, y Gigliani, que crea el Programa Mediadores Comunitarios contra las Violencias. Fiatti record\u00f3 que la iniciativa original planteaba tambi\u00e9n la adhesi\u00f3n al Programa &#8220;V\u00ednculos&#8221; de la provincia, ya se vot\u00f3, y expres\u00f3 que segu\u00eda teniendo preguntas sobre &#8220;el rol&#8221; de dicho Programa, &#8220;sobre el involucramiento de organizaciones en conflictos&#8221;.<\/p>\n\n\n\n<p><strong>Operativos de control en la zona de Oro\u00f1o, San Nicol\u00e1s, Catamarca y Rivadavia<\/strong><\/p>\n\n\n\n<p>Obtuvo despacho un decreto del concejal Lifschitz, con sus pares del bloque Socialista, Manuel Sciutto y Alicia Pino, que encomienda al Departamento Ejecutivo que a trav\u00e9s de la Secretar\u00eda de Control y Convivencia &#8220;se intensifiquen los operativos de control urbano, alcoholemia y narcolemia en la zona delimitado por bulevar Oro\u00f1o, del 100 Bis al 200; San Nicol\u00e1s, al 200; Catamarca, entre el 3500 y el 2200 y avenidas Rivadavia y del Valle Iberlucea, al 2800,&nbsp;aplicando y dando cumplimiento al C\u00f3digo de Convivencia&#8221;.<\/p>\n\n\n\n<p><strong>Consulta sobre el traslado de la Unidad de Detenci\u00f3n N\u00ba 3<\/strong><\/p>\n\n\n\n<p>Se consider\u00f3, en tanto,&nbsp;y seguir\u00e1 en estudio, un proyecto del concejal Lifschitz que consulta sobre pol\u00edticas del gobierno provincial para el traslado de la Unidad de Detenci\u00f3n N\u00ba 3 ubicada en la manzana comprendida por las calles Montevideo, Suipacha, Riccheri y Zeballos.<\/p>\n\n\n\n<p><strong>Contra La Trata<\/strong><\/p>\n\n\n\n<p>Nicol\u00e1s Del Mastro, quien era responsable en la ciudad del Comit\u00e9 Ejecutivo nacional sobre Trata y a Ariel Monte, de la Fundaci\u00f3n Alameda, precisaron que trabajaron en el tema \u201chasta que se lo desmantel\u00f3\u201d.<\/p>\n\n\n\n<p>Del Mastro fue invitado por la comisi\u00f3n a partir de un informe sobre el desmantelamiento del \u00e1rea dispuesto por el gobierno nacional. \u201cHemos trabajado con otros presidentes de esta comisi\u00f3n\u201d y respecto al informe elaborado, plante\u00f3 el objetivo de transformarlo en un observatorio sobre la cuesti\u00f3n y actualizarlo cada dos meses.<\/p>\n\n\n\n<p>Sobre \u00e9ste a\u00f1o mencion\u00f3 que al presente hubo 343 personas rescatadas de trata, \u201cel 43 por ciento mujeres y diversidades\u201d&nbsp; y record\u00f3 que \u201cson cifras de un delito imposible de ocultar\u201d.<\/p>\n\n\n\n<p>Respecto a \u201cc\u00f3mo se llega a esta situaci\u00f3n\u201d actual marc\u00f3 que \u201ca fines de febrero un decreto de necesidad y urgencia (DNU) modific\u00f3 una ley penal, modific\u00f3 el Consejo Federal y el Consejo Ejecutivo sobre Trata\u201d.<\/p>\n\n\n\n<p>Record\u00f3 que el \u00e1rea de lucha contra la trata depend\u00eda de la Jefatura de Gabinete de la Naci\u00f3n, mientras que se dispuso su pase al \u00e1mbito del Ministerio de Seguridad.<\/p>\n\n\n\n<p>Entre las pautas de trabajo que no se est\u00e1n realizando hizo referencia a la difusi\u00f3n del la l\u00ednea 145 de denuncias, \u201cen la que se hac\u00eda una campa\u00f1a fuerte de difusi\u00f3n\u201d y a la tarea del Programa Nacional de Rescate. Insisti\u00f3 en que \u201cse han discontinuado programas\u201d y sobre ello consign\u00f3 denuncia contra la ministra de Capital Humano, Sandra Pettovello.<\/p>\n<div class=\"newspaper-x-tags\"><strong>TAGS: <\/strong><span><a href=\"https:\/\/www.rosarioalerta.com.ar\/site\/archivos\/tag\/concejo\" rel=\"tag\">Concejo<\/a><\/span><a href=\"https:\/\/www.rosarioalerta.com.ar\/site\/archivos\/tag\/noticias-de-rosario\" rel=\"tag\">Noticias de Rosario<\/a><\/span><a href=\"https:\/\/www.rosarioalerta.com.ar\/site\/archivos\/tag\/rosario\" rel=\"tag\">Rosario<\/a><\/span><a href=\"https:\/\/www.rosarioalerta.com.ar\/site\/archivos\/tag\/santa-fe\" rel=\"tag\">Santa Fe<\/a><\/span><a href=\"https:\/\/www.rosarioalerta.com.ar\/site\/archivos\/tag\/seguridad\" rel=\"tag\">Seguridad<\/a> <\/div>","protected":false},"excerpt":{"rendered":"<p>Hubo pedidos de informe sobre distintos puntos sobre la seguridad, pidieron informes de controles de alcoholemia y hablaron de Trata La Comisi\u00f3n de Control, Convivencia y Seguridad Ciudadana del Concejo Municipal de Rosario se reuni\u00f3 este lunes para analizar diversos temas relacionados con la seguridad y la violencia en la ciudad. Pedidos por mayor seguridad [&hellip;]<\/p>\n","protected":false},"author":2,"featured_media":17596,"comment_status":"open","ping_status":"open","sticky":false,"template":"","format":"standard","meta":{"_joinchat":[],"footnotes":""},"categories":[18,21],"tags":[628,95,55,65,458],"class_list":["post-17595","post","type-post","status-publish","format-standard","has-post-thumbnail","hentry","category-institucional","category-noticias","tag-concejo","tag-noticias-de-rosario","tag-rosario","tag-santa-fe","tag-seguridad"],"_links":{"self":[{"href":"https:\/\/www.rosarioalerta.com.ar\/site\/wp-json\/wp\/v2\/posts\/17595","targetHints":{"allow":["GET"]}}],"collection":[{"href":"https:\/\/www.rosarioalerta.com.ar\/site\/wp-json\/wp\/v2\/posts"}],"about":[{"href":"https:\/\/www.rosarioalerta.com.ar\/site\/wp-json\/wp\/v2\/types\/post"}],"author":[{"embeddable":true,"href":"https:\/\/www.rosarioalerta.com.ar\/site\/wp-json\/wp\/v2\/users\/2"}],"replies":[{"embeddable":true,"href":"https:\/\/www.rosarioalerta.com.ar\/site\/wp-json\/wp\/v2\/comments?post=17595"}],"version-history":[{"count":1,"href":"https:\/\/www.rosarioalerta.com.ar\/site\/wp-json\/wp\/v2\/posts\/17595\/revisions"}],"predecessor-version":[{"id":17597,"href":"https:\/\/www.rosarioalerta.com.ar\/site\/wp-json\/wp\/v2\/posts\/17595\/revisions\/17597"}],"wp:featuredmedia":[{"embeddable":true,"href":"https:\/\/www.rosarioalerta.com.ar\/site\/wp-json\/wp\/v2\/media\/17596"}],"wp:attachment":[{"href":"https:\/\/www.rosarioalerta.com.ar\/site\/wp-json\/wp\/v2\/media?parent=17595"}],"wp:term":[{"taxonomy":"category","embeddable":true,"href":"https:\/\/www.rosarioalerta.com.ar\/site\/wp-json\/wp\/v2\/categories?post=17595"},{"taxonomy":"post_tag","embeddable":true,"href":"https:\/\/www.rosarioalerta.com.ar\/site\/wp-json\/wp\/v2\/tags?post=17595"}],"curies":[{"name":"wp","href":"https:\/\/api.w.org\/{rel}","templated":true}]}}