{"id":17591,"date":"2024-06-04T06:15:25","date_gmt":"2024-06-04T09:15:25","guid":{"rendered":"https:\/\/www.rosarioalerta.com.ar\/site\/?p=17591"},"modified":"2024-06-04T06:15:27","modified_gmt":"2024-06-04T09:15:27","slug":"fatal-siniestro-en-perez","status":"publish","type":"post","link":"https:\/\/www.rosarioalerta.com.ar\/site\/archivos\/17591","title":{"rendered":"Fatal siniestro en P\u00e9rez"},"content":{"rendered":"\n<p><\/p>\n\n\n\n<p>Una joven motociclista de 18 a\u00f1os falleci\u00f3 tras ser alcanzada por un autom\u00f3vil<\/p>\n\n\n\n<p>Pasadas las 18 se registr\u00f3 un siniestro vial sobre la <strong>Ruta Nacional 33 y Espa\u00f1a <\/strong>en la localidad de <strong>P\u00e9rez<\/strong>. Seg\u00fan las primeras informaciones, habr\u00edan colisionado un Chevrolet Prisma con una Honda Tornado, siendo la conductora del \u00faltimo rodado, trasladada a un centro asistencial con politraumatismos graves<\/p>\n\n\n\n<p>En el lugar se hicieron presentes las fuerzas de seguridad para preservar la escena y asegurar el trabajo de los servicios sanitarios y de bomberos que actuaron en el lugar. El conductor del autom\u00f3vil, un hombre de 69 a\u00f1os oriundo de Funes, fue demorado y trasladado a la sede preventora para los tr\u00e1mites de rigor<\/p>\n\n\n\n<p>Al mismo tiempo los uniformados que se encontraban en el lugar tuvieron que intervenir para pacificar el lugar, dado que se hicieron presente en la escena, familiares y amigos de <strong>Nazarena S\u00e1nchez de 18 a\u00f1os<\/strong>, quien falleci\u00f3 tras la colisi\u00f3n. Los mismos estaban ofuscados y comenzaron a arrojar piedras contra el coche interviniente y la polic\u00eda debi\u00f3 efectuar disparos con postas de goma disuasivos<\/p>\n\n\n\n<p>Producto del estado de \u00e1nimo de los allegados a la v\u00edctima y la situaci\u00f3n, un suboficial de polic\u00eda result\u00f3 lesionado, con un corte en cr\u00e1neo y una lesi\u00f3n en el dedo de la mano, cuando fue sobrepasado en n\u00famero, por los manifestantes tras la situaci\u00f3n de los presentes<\/p>\n\n\n\n<p>La <strong>Fiscal Mariana Prunotto de la Unidad de Homicidios Culposos<\/strong> orden\u00f3 el relevo de la escena al <strong>Gabinete Accidentol\u00f3gico<\/strong><\/p>\n\n\n\n<p><\/p>\n\n\n\n<p>Momentos m\u00e1s tarde, sobre la <strong>Autopista Rosario \u2013 Santa<\/strong> Fe en el <strong>kil\u00f3metro 11,<\/strong> altura de <strong>Fray Luis Beltr\u00e1n<\/strong>, se produjo un siniestro vial entre dos autom\u00f3viles por alcance. Un coche enviste al otro, el colisionado, pierde el control y despista resultando con lesiones leves la conductora del mismo. Fue trasladada a un centro de salud para ex\u00e1menes m\u00e9dicos complementarios<\/p>\n\n\n\n<figure class=\"wp-block-image size-large\"><img loading=\"lazy\" decoding=\"async\" width=\"1024\" height=\"576\" src=\"https:\/\/www.rosarioalerta.com.ar\/site\/wp-content\/uploads\/2024\/06\/Beltran-3-1024x576.jpg\" alt=\"\" class=\"wp-image-17593\" srcset=\"https:\/\/www.rosarioalerta.com.ar\/site\/wp-content\/uploads\/2024\/06\/Beltran-3-1024x576.jpg 1024w, https:\/\/www.rosarioalerta.com.ar\/site\/wp-content\/uploads\/2024\/06\/Beltran-3-300x169.jpg 300w, https:\/\/www.rosarioalerta.com.ar\/site\/wp-content\/uploads\/2024\/06\/Beltran-3-768x432.jpg 768w, https:\/\/www.rosarioalerta.com.ar\/site\/wp-content\/uploads\/2024\/06\/Beltran-3-1536x864.jpg 1536w, https:\/\/www.rosarioalerta.com.ar\/site\/wp-content\/uploads\/2024\/06\/Beltran-3-696x392.jpg 696w, https:\/\/www.rosarioalerta.com.ar\/site\/wp-content\/uploads\/2024\/06\/Beltran-3-1068x601.jpg 1068w, https:\/\/www.rosarioalerta.com.ar\/site\/wp-content\/uploads\/2024\/06\/Beltran-3-747x420.jpg 747w, https:\/\/www.rosarioalerta.com.ar\/site\/wp-content\/uploads\/2024\/06\/Beltran-3.jpg 1920w\" sizes=\"auto, (max-width: 1024px) 100vw, 1024px\" \/><\/figure>\n<div class=\"newspaper-x-tags\"><strong>TAGS: <\/strong><span><a href=\"https:\/\/www.rosarioalerta.com.ar\/site\/archivos\/tag\/noticias-de-rosario\" rel=\"tag\">Noticias de Rosario<\/a><\/span><a href=\"https:\/\/www.rosarioalerta.com.ar\/site\/archivos\/tag\/rosario\" rel=\"tag\">Rosario<\/a><\/span><a href=\"https:\/\/www.rosarioalerta.com.ar\/site\/archivos\/tag\/santa-fe\" rel=\"tag\">Santa Fe<\/a> <\/div>","protected":false},"excerpt":{"rendered":"<p>Una joven motociclista de 18 a\u00f1os falleci\u00f3 tras ser alcanzada por un autom\u00f3vil Pasadas las 18 se registr\u00f3 un siniestro vial sobre la Ruta Nacional 33 y Espa\u00f1a en la localidad de P\u00e9rez. Seg\u00fan las primeras informaciones, habr\u00edan colisionado un Chevrolet Prisma con una Honda Tornado, siendo la conductora del \u00faltimo rodado, trasladada a un [&hellip;]<\/p>\n","protected":false},"author":2,"featured_media":17592,"comment_status":"open","ping_status":"open","sticky":false,"template":"","format":"standard","meta":{"_joinchat":[],"footnotes":""},"categories":[21,14,10],"tags":[95,55,65],"class_list":["post-17591","post","type-post","status-publish","format-standard","has-post-thumbnail","hentry","category-noticias","category-policiales","category-siniestros-viales","tag-noticias-de-rosario","tag-rosario","tag-santa-fe"],"_links":{"self":[{"href":"https:\/\/www.rosarioalerta.com.ar\/site\/wp-json\/wp\/v2\/posts\/17591","targetHints":{"allow":["GET"]}}],"collection":[{"href":"https:\/\/www.rosarioalerta.com.ar\/site\/wp-json\/wp\/v2\/posts"}],"about":[{"href":"https:\/\/www.rosarioalerta.com.ar\/site\/wp-json\/wp\/v2\/types\/post"}],"author":[{"embeddable":true,"href":"https:\/\/www.rosarioalerta.com.ar\/site\/wp-json\/wp\/v2\/users\/2"}],"replies":[{"embeddable":true,"href":"https:\/\/www.rosarioalerta.com.ar\/site\/wp-json\/wp\/v2\/comments?post=17591"}],"version-history":[{"count":1,"href":"https:\/\/www.rosarioalerta.com.ar\/site\/wp-json\/wp\/v2\/posts\/17591\/revisions"}],"predecessor-version":[{"id":17594,"href":"https:\/\/www.rosarioalerta.com.ar\/site\/wp-json\/wp\/v2\/posts\/17591\/revisions\/17594"}],"wp:featuredmedia":[{"embeddable":true,"href":"https:\/\/www.rosarioalerta.com.ar\/site\/wp-json\/wp\/v2\/media\/17592"}],"wp:attachment":[{"href":"https:\/\/www.rosarioalerta.com.ar\/site\/wp-json\/wp\/v2\/media?parent=17591"}],"wp:term":[{"taxonomy":"category","embeddable":true,"href":"https:\/\/www.rosarioalerta.com.ar\/site\/wp-json\/wp\/v2\/categories?post=17591"},{"taxonomy":"post_tag","embeddable":true,"href":"https:\/\/www.rosarioalerta.com.ar\/site\/wp-json\/wp\/v2\/tags?post=17591"}],"curies":[{"name":"wp","href":"https:\/\/api.w.org\/{rel}","templated":true}]}}