{"id":17312,"date":"2024-05-22T22:15:31","date_gmt":"2024-05-23T01:15:31","guid":{"rendered":"https:\/\/www.rosarioalerta.com.ar\/site\/?p=17312"},"modified":"2024-05-22T22:15:34","modified_gmt":"2024-05-23T01:15:34","slug":"impactante-choque-en-zona-sur","status":"publish","type":"post","link":"https:\/\/www.rosarioalerta.com.ar\/site\/archivos\/17312","title":{"rendered":"Impactante choque en zona sur"},"content":{"rendered":"\n<p><\/p>\n\n\n\n<p>Tambi\u00e9n hubo varios detenidos por diversos il\u00edcitos<\/p>\n\n\n\n<p>En horas de la tarde de este mi\u00e9rcoles, el conductor de una Renault Sandero cruz\u00f3 en rojo el sem\u00e1foro de <strong>Ov. Lagos y Acevedo<\/strong> a gran velocidad y por tal motivo, fue perseguido por la polic\u00eda. La persecuci\u00f3n se llev\u00f3 adelante por varias arterias, hasta que en <strong>Uriburu y Paraguay<\/strong>, culmina tras colisionar contra una columna de alumbrado p\u00fablico del cantero central.<\/p>\n\n\n\n<p>Fue trasladado a la <strong>Comisar\u00eda 21\u00ba<\/strong> y asistido por el <strong>SIES<\/strong> para luego quedar a disposici\u00f3n de la justicia<\/p>\n\n\n\n<p>Mientras tanto, otra patrulla se encontraba realizando chequeos e identificaci\u00f3n de personas y veh\u00edculos, en inmediaciones de <strong>Virasoro al 3100<\/strong>, cuando dieron con una mujer de 35 a\u00f1os, la cual seg\u00fan la <strong>Central de Emergencias del 911presenta <\/strong>un pedido de captura activo a solicitud de la <strong>Dra Prunotto<\/strong>, desde agosto del pasado a\u00f1o. Fue trasladada a la <strong>Comisar\u00eda 32\u00ba <\/strong>donde qued\u00f3 a disposici\u00f3n de la fiscal<\/p>\n\n\n\n<figure class=\"wp-block-image size-large\"><img loading=\"lazy\" decoding=\"async\" width=\"1024\" height=\"576\" src=\"https:\/\/www.rosarioalerta.com.ar\/site\/wp-content\/uploads\/2024\/05\/detenida-3-1-1024x576.jpg\" alt=\"\" class=\"wp-image-17314\" srcset=\"https:\/\/www.rosarioalerta.com.ar\/site\/wp-content\/uploads\/2024\/05\/detenida-3-1-1024x576.jpg 1024w, https:\/\/www.rosarioalerta.com.ar\/site\/wp-content\/uploads\/2024\/05\/detenida-3-1-300x169.jpg 300w, https:\/\/www.rosarioalerta.com.ar\/site\/wp-content\/uploads\/2024\/05\/detenida-3-1-768x432.jpg 768w, https:\/\/www.rosarioalerta.com.ar\/site\/wp-content\/uploads\/2024\/05\/detenida-3-1-1536x864.jpg 1536w, https:\/\/www.rosarioalerta.com.ar\/site\/wp-content\/uploads\/2024\/05\/detenida-3-1-696x392.jpg 696w, https:\/\/www.rosarioalerta.com.ar\/site\/wp-content\/uploads\/2024\/05\/detenida-3-1-1068x601.jpg 1068w, https:\/\/www.rosarioalerta.com.ar\/site\/wp-content\/uploads\/2024\/05\/detenida-3-1-747x420.jpg 747w, https:\/\/www.rosarioalerta.com.ar\/site\/wp-content\/uploads\/2024\/05\/detenida-3-1.jpg 1920w\" sizes=\"auto, (max-width: 1024px) 100vw, 1024px\" \/><\/figure>\n\n\n\n<p>M\u00e1s tarde en <strong>Balcarce y Brown<\/strong>, un joven de 21 a\u00f1os, fue retenido por vecinos de la zona, dado que momentos antes violent\u00f3, junto a otro c\u00f3mplice la linga donde se encontraba atacada una bicicleta. Uno de los malvivientes logr\u00f3 escabullirse, mientras el retenido fue entregado a los agentes del orden<\/p>\n\n\n\n<figure class=\"wp-block-image size-large\"><img loading=\"lazy\" decoding=\"async\" width=\"1024\" height=\"576\" src=\"https:\/\/www.rosarioalerta.com.ar\/site\/wp-content\/uploads\/2024\/05\/robo-3-1024x576.jpg\" alt=\"\" class=\"wp-image-17315\" srcset=\"https:\/\/www.rosarioalerta.com.ar\/site\/wp-content\/uploads\/2024\/05\/robo-3-1024x576.jpg 1024w, https:\/\/www.rosarioalerta.com.ar\/site\/wp-content\/uploads\/2024\/05\/robo-3-300x169.jpg 300w, https:\/\/www.rosarioalerta.com.ar\/site\/wp-content\/uploads\/2024\/05\/robo-3-768x432.jpg 768w, https:\/\/www.rosarioalerta.com.ar\/site\/wp-content\/uploads\/2024\/05\/robo-3-1536x864.jpg 1536w, https:\/\/www.rosarioalerta.com.ar\/site\/wp-content\/uploads\/2024\/05\/robo-3-696x392.jpg 696w, https:\/\/www.rosarioalerta.com.ar\/site\/wp-content\/uploads\/2024\/05\/robo-3-1068x601.jpg 1068w, https:\/\/www.rosarioalerta.com.ar\/site\/wp-content\/uploads\/2024\/05\/robo-3-747x420.jpg 747w, https:\/\/www.rosarioalerta.com.ar\/site\/wp-content\/uploads\/2024\/05\/robo-3.jpg 1920w\" sizes=\"auto, (max-width: 1024px) 100vw, 1024px\" \/><\/figure>\n\n\n\n<p>Finalmente, en <strong>San Lorenzo y Callao<\/strong>, intentaron robar un comercio, pero el delincuente fue retenido por ocasionales clientes hasta el arribo del personal policial. Este fue trasladado a la <strong>Comisar\u00eda 7\u00ba<\/strong> para quedar a disposici\u00f3n de la justicia<\/p>\n<div class=\"newspaper-x-tags\"><strong>TAGS: <\/strong><span><a href=\"https:\/\/www.rosarioalerta.com.ar\/site\/archivos\/tag\/noticias-de-rosario\" rel=\"tag\">Noticias de Rosario<\/a><\/span><a href=\"https:\/\/www.rosarioalerta.com.ar\/site\/archivos\/tag\/rosario\" rel=\"tag\">Rosario<\/a><\/span><a href=\"https:\/\/www.rosarioalerta.com.ar\/site\/archivos\/tag\/santa-fe\" rel=\"tag\">Santa Fe<\/a> <\/div>","protected":false},"excerpt":{"rendered":"<p>Tambi\u00e9n hubo varios detenidos por diversos il\u00edcitos En horas de la tarde de este mi\u00e9rcoles, el conductor de una Renault Sandero cruz\u00f3 en rojo el sem\u00e1foro de Ov. Lagos y Acevedo a gran velocidad y por tal motivo, fue perseguido por la polic\u00eda. La persecuci\u00f3n se llev\u00f3 adelante por varias arterias, hasta que en Uriburu [&hellip;]<\/p>\n","protected":false},"author":2,"featured_media":17313,"comment_status":"open","ping_status":"open","sticky":false,"template":"","format":"standard","meta":{"_joinchat":[],"footnotes":""},"categories":[11,21,14,19,10],"tags":[95,55,65],"class_list":["post-17312","post","type-post","status-publish","format-standard","has-post-thumbnail","hentry","category-detenidos","category-noticias","category-policiales","category-seguridad-vial","category-siniestros-viales","tag-noticias-de-rosario","tag-rosario","tag-santa-fe"],"_links":{"self":[{"href":"https:\/\/www.rosarioalerta.com.ar\/site\/wp-json\/wp\/v2\/posts\/17312","targetHints":{"allow":["GET"]}}],"collection":[{"href":"https:\/\/www.rosarioalerta.com.ar\/site\/wp-json\/wp\/v2\/posts"}],"about":[{"href":"https:\/\/www.rosarioalerta.com.ar\/site\/wp-json\/wp\/v2\/types\/post"}],"author":[{"embeddable":true,"href":"https:\/\/www.rosarioalerta.com.ar\/site\/wp-json\/wp\/v2\/users\/2"}],"replies":[{"embeddable":true,"href":"https:\/\/www.rosarioalerta.com.ar\/site\/wp-json\/wp\/v2\/comments?post=17312"}],"version-history":[{"count":1,"href":"https:\/\/www.rosarioalerta.com.ar\/site\/wp-json\/wp\/v2\/posts\/17312\/revisions"}],"predecessor-version":[{"id":17316,"href":"https:\/\/www.rosarioalerta.com.ar\/site\/wp-json\/wp\/v2\/posts\/17312\/revisions\/17316"}],"wp:featuredmedia":[{"embeddable":true,"href":"https:\/\/www.rosarioalerta.com.ar\/site\/wp-json\/wp\/v2\/media\/17313"}],"wp:attachment":[{"href":"https:\/\/www.rosarioalerta.com.ar\/site\/wp-json\/wp\/v2\/media?parent=17312"}],"wp:term":[{"taxonomy":"category","embeddable":true,"href":"https:\/\/www.rosarioalerta.com.ar\/site\/wp-json\/wp\/v2\/categories?post=17312"},{"taxonomy":"post_tag","embeddable":true,"href":"https:\/\/www.rosarioalerta.com.ar\/site\/wp-json\/wp\/v2\/tags?post=17312"}],"curies":[{"name":"wp","href":"https:\/\/api.w.org\/{rel}","templated":true}]}}