{"id":16936,"date":"2024-05-07T21:49:39","date_gmt":"2024-05-08T00:49:39","guid":{"rendered":"https:\/\/www.rosarioalerta.com.ar\/site\/?p=16936"},"modified":"2024-05-07T21:49:40","modified_gmt":"2024-05-08T00:49:40","slug":"javkin-viaja-a-harvard-con-agenda-sobre-crimen-organizado-y-violencia","status":"publish","type":"post","link":"https:\/\/www.rosarioalerta.com.ar\/site\/archivos\/16936","title":{"rendered":"Javkin viaja a Harvard con agenda sobre Crimen Organizado y Violencia"},"content":{"rendered":"\n<p><\/p>\n\n\n\n<p>Fue invitado por la Universidad estadounidense y organismos de cr\u00e9dito, participar\u00e1 junto a referentes de Am\u00e9rica latina<\/p>\n\n\n\n<p>El intendente Pablo Javkin viajar\u00e1 este mi\u00e9rcoles a Boston, Estados Unidos, para participar de dos jornadas basadas en la tem\u00e1tica \u201cCrimen Organizado y Violencia en Am\u00e9rica Latina y el Caribe\u201d. La invitaci\u00f3n parte de la prestigiosa Universidad de Harvard, que ser\u00e1 anfitriona del c\u00f3nclave, el Banco Interamericano de Desarrollo, el Banco de Desarrollo de Am\u00e9rica Latina y el Caribe (CAF) y el Grupo Banco Mundial. El Banco Mundial como organizador ser\u00e1 el encargado de costear el evento, incluidos los pasajes y las estad\u00edas de los invitados.<\/p>\n\n\n\n<p>La propuesta de la Universidad de Harvard es reunir a expertos de diversas \u00e1reas como seguridad, pol\u00edtica p\u00fablica, econom\u00eda, comunicaci\u00f3n, educaci\u00f3n, entre otras, para compartir experiencias de distintos tipos en materia de violencia y la econom\u00eda delictiva en los pa\u00edses latinoamericanos, y poder, desde el conocimiento a partir de los estudios interdisciplinarios y las distintas experiencias, tener una visi\u00f3n m\u00e1s acabada que permita fortalecer gestiones a corto, mediano y largo plazo. Los paneles estar\u00e1n compuestos por personalidades que representar\u00e1n la perspectiva de los gobiernos, la mirada acad\u00e9mica y la percepci\u00f3n de la sociedad.<\/p>\n\n\n\n<p>El jueves la tem\u00e1tica estar\u00e1 atravesada por un mismo eje com\u00fan: la magnitud del crimen organizado y su v\u00ednculo con la violencia en Am\u00e9rica Latina y el Caribe, y es cuando el intendente tendr\u00e1 la palabra en el c\u00f3nclave. En el temario se incluye el apartado \u201cC\u00e1rceles y crimen organizado\u201d, una de los t\u00f3picos m\u00e1s importantes teniendo en cuenta la actualidad. Javkin compartir\u00e1 panel con el general colombiano Oscar Naranjo, ex vicepresidente de Colombia y ex director de la Polic\u00eda Nacional de Colombia; Joana Monteiro, ex jefa de Fiscal\u00eda del Estado de R\u00edo de Janeiro y profesora de la Escola Brasileira de Administraci\u00f3n; Ana Arjona, profesora de la Northwestern University; y Santiago Tob\u00f3n, profesor de Econom\u00eda de la Universidad EAFIT de Medell\u00edn, entre otras personalidades.<\/p>\n\n\n\n<p>La actividad continuar\u00e1 el viernes, cuando Javkin participe del panel \u201cRetos de la reducci\u00f3n de la delincuencia en Am\u00e9rica Latina y el Caribe&#8221;, que compartir\u00e1 con Claudia L\u00f3pez, pol\u00edtica y activista colombiana, y quien fuera alcaldesa de la ciudad de Bogot\u00e1 desde el 2020 hasta el a\u00f1o pasado. L\u00f3pez fue senadora de la rep\u00fablica por el partido Alianza Verde y se ha desempe\u00f1ado como consultora de Naciones Unidas, adem\u00e1s de su extensa trayectoria en los medios de comunicaci\u00f3n. Adem\u00e1s, formar\u00e1n parte de la mesa de trabajo Juanita Goebertus (Human Rights Watch), abogada y polit\u00f3loga colombiana, quien form\u00f3 parte de la delegaci\u00f3n\u200b del gobierno colombiano en el proceso de paz con la guerrilla FARC; y Marcela Melendez, economista en jefe adjunta en la oficina para Am\u00e9rica Latina y el Caribe del Banco Mundial.<\/p>\n\n\n\n<p>Adem\u00e1s, est\u00e1 previsto que el intendente se re\u00fana con rosarinos que actualmente est\u00e1n cursando estudios en la prestigiosa universidad. Tras la participaci\u00f3n en estas actividades el intendente emprender\u00e1 el regreso el d\u00eda s\u00e1bado para retomar sus funciones.<\/p>\n\n\n\n<p>Antecedentes con el Banco de Desarrollo de Am\u00e9rica Latina (CAF)<\/p>\n\n\n\n<p>En el a\u00f1o 2023 en la Cities Summit of the Am\u00e9ricas en Denver, la ciudad de Rosario se incorpor\u00f3 a la Red Biodiverciudades de CAF, cuyo objetivo es la conformaci\u00f3n de una red de gobiernos municipales que impulse la implementaci\u00f3n de un nuevo modelo de gesti\u00f3n urbana, basado en una pol\u00edtica local inclusiva, productiva y sostenible.<\/p>\n<div class=\"newspaper-x-tags\"><strong>TAGS: <\/strong><span><a href=\"https:\/\/www.rosarioalerta.com.ar\/site\/archivos\/tag\/noticias-de-rosario\" rel=\"tag\">Noticias de Rosario<\/a><\/span><a href=\"https:\/\/www.rosarioalerta.com.ar\/site\/archivos\/tag\/rosario\" rel=\"tag\">Rosario<\/a><\/span><a href=\"https:\/\/www.rosarioalerta.com.ar\/site\/archivos\/tag\/santa-fe\" rel=\"tag\">Santa Fe<\/a><\/span><a href=\"https:\/\/www.rosarioalerta.com.ar\/site\/archivos\/tag\/seguridad\" rel=\"tag\">Seguridad<\/a> <\/div>","protected":false},"excerpt":{"rendered":"<p>Fue invitado por la Universidad estadounidense y organismos de cr\u00e9dito, participar\u00e1 junto a referentes de Am\u00e9rica latina El intendente Pablo Javkin viajar\u00e1 este mi\u00e9rcoles a Boston, Estados Unidos, para participar de dos jornadas basadas en la tem\u00e1tica \u201cCrimen Organizado y Violencia en Am\u00e9rica Latina y el Caribe\u201d. La invitaci\u00f3n parte de la prestigiosa Universidad de [&hellip;]<\/p>\n","protected":false},"author":2,"featured_media":16937,"comment_status":"open","ping_status":"open","sticky":false,"template":"","format":"standard","meta":{"_joinchat":[],"footnotes":""},"categories":[18,21],"tags":[95,55,65,458],"class_list":["post-16936","post","type-post","status-publish","format-standard","has-post-thumbnail","hentry","category-institucional","category-noticias","tag-noticias-de-rosario","tag-rosario","tag-santa-fe","tag-seguridad"],"_links":{"self":[{"href":"https:\/\/www.rosarioalerta.com.ar\/site\/wp-json\/wp\/v2\/posts\/16936","targetHints":{"allow":["GET"]}}],"collection":[{"href":"https:\/\/www.rosarioalerta.com.ar\/site\/wp-json\/wp\/v2\/posts"}],"about":[{"href":"https:\/\/www.rosarioalerta.com.ar\/site\/wp-json\/wp\/v2\/types\/post"}],"author":[{"embeddable":true,"href":"https:\/\/www.rosarioalerta.com.ar\/site\/wp-json\/wp\/v2\/users\/2"}],"replies":[{"embeddable":true,"href":"https:\/\/www.rosarioalerta.com.ar\/site\/wp-json\/wp\/v2\/comments?post=16936"}],"version-history":[{"count":1,"href":"https:\/\/www.rosarioalerta.com.ar\/site\/wp-json\/wp\/v2\/posts\/16936\/revisions"}],"predecessor-version":[{"id":16938,"href":"https:\/\/www.rosarioalerta.com.ar\/site\/wp-json\/wp\/v2\/posts\/16936\/revisions\/16938"}],"wp:featuredmedia":[{"embeddable":true,"href":"https:\/\/www.rosarioalerta.com.ar\/site\/wp-json\/wp\/v2\/media\/16937"}],"wp:attachment":[{"href":"https:\/\/www.rosarioalerta.com.ar\/site\/wp-json\/wp\/v2\/media?parent=16936"}],"wp:term":[{"taxonomy":"category","embeddable":true,"href":"https:\/\/www.rosarioalerta.com.ar\/site\/wp-json\/wp\/v2\/categories?post=16936"},{"taxonomy":"post_tag","embeddable":true,"href":"https:\/\/www.rosarioalerta.com.ar\/site\/wp-json\/wp\/v2\/tags?post=16936"}],"curies":[{"name":"wp","href":"https:\/\/api.w.org\/{rel}","templated":true}]}}