{"id":16435,"date":"2024-04-16T18:49:55","date_gmt":"2024-04-16T21:49:55","guid":{"rendered":"https:\/\/www.rosarioalerta.com.ar\/site\/?p=16435"},"modified":"2024-04-16T18:49:56","modified_gmt":"2024-04-16T21:49:56","slug":"endureceremos-mas-las-visitas-de-los-reclusos-de-alto-perfil","status":"publish","type":"post","link":"https:\/\/www.rosarioalerta.com.ar\/site\/archivos\/16435","title":{"rendered":"\u201cEndureceremos m\u00e1s las visitas de los reclusos de alto perfil\u201d"},"content":{"rendered":"\n<p><\/p>\n\n\n\n<p>Las pruebas presentadas en la audiencia nos permiten quitarle todo derecho, al comprobarse que en las visitas a trav\u00e9s del blindex programaban actos delictivos<\/p>\n\n\n\n<p>As\u00ed lo afirm\u00f3 el <strong>ministro de Justicia y Seguridad, Pablo Cococcioni<\/strong> en rueda de prensa, y se lo not\u00f3 muy efusivo con el resultado de la audiencia imputativa por los cr\u00edmenes y atentados que tuvo la ciudad el mes pasado, donde los Fiscales este martes llevaron al banquillo de los acusados a los autores intelectuales y part\u00edcipes necesarios<\/p>\n\n\n\n<p><strong>Cococcioni<\/strong> destac\u00f3 que la audiencia fue &#8220;muy importante&#8221; ya que se pudieron formular imputaciones contra todas las personas involucradas en los hechos. &#8220;La magistrada aval\u00f3 todas las imputaciones y dict\u00f3 prisi\u00f3n preventiva para todos los imputados, sin plazo y sin atenuaci\u00f3n de ning\u00fan tipo&#8221;, afirm\u00f3.Adem\u00e1s se\u00f1al\u00f3 que la investigaci\u00f3n ha determinado que la causa de los ataques fue <strong><em>&#8220;tratar de revertir decisiones de pol\u00edtica p\u00fablica relacionada con un mayor control de las condiciones de detenci\u00f3n&#8221;.<\/em><\/strong><\/p>\n\n\n\n<p><strong><em>&#8220;No ha sido el detonante ninguna cuesti\u00f3n que pueda ser calificada como una bravuconada de parte del gobierno&#8221;,<\/em><\/strong> aclar\u00f3 Cococcioni. <strong><em>&#8220;Las decisiones que se adoptaron en cuanto al control en el \u00e1mbito del servicio penitenciario fueron las correctas y a la luz de esta audiencia hasta deben perfeccionarse&#8221;.<\/em><\/strong><\/p>\n\n\n\n<p>Tambi\u00e9nanunci\u00f3 que se activar\u00e1 una cl\u00e1usula de la ley de ejecuci\u00f3n que permite suspender o cancelar las visitas a los <strong>reclusos de alto perfil<\/strong> <strong>que infrinjan las normas<\/strong>. <strong><em>&#8220;Esto se debe a que hemos descubierto que parte de las \u00f3rdenes de mandar a hacer homicidios fuera de las c\u00e1rceles eran transmitidas mediante la propia pareja de uno de los detenidos durante la visita&#8221;,<\/em><\/strong> explic\u00f3.<\/p>\n\n\n\n<p><strong>Menores utilizados como autores materiales<\/strong><\/p>\n\n\n\n<p>El Ministro reconoci\u00f3 que <strong><em>&#8220;uno de los puntos que se est\u00e1 hablando es que hoy no tenemos autores materiales de los ataques porque se est\u00e1 utilizando a menores de edad&#8221;. &#8220;Nosotros por supuesto que estamos planteando tambi\u00e9n la discusi\u00f3n sobre la edad de punibilidad penal pero en el marco de una reforma a la legislaci\u00f3n nacional&#8221;,<\/em><\/strong> asegur\u00f3. <strong><em>&#8220;De todas maneras, a pesar de que esto que es una gran falencia y que obviamente nos impide aplicar un castigo estatal a las personas que han sido ejecutores materiales de la mayor\u00eda de estos hechos, s\u00ed no quita que mediante el c\u00famulo probatorio existente s\u00ed se lleve a juicio y se castigue a todos los autores intelectuales e incluso a quienes fueron coautores por una divisi\u00f3n funcional del trabajo&#8221;.<\/em><\/strong><\/p>\n\n\n\n<p><strong>Cococcioni<\/strong> indic\u00f3 que <strong><em>&#8220;dos de los menores involucrados no son punibles por ley y uno s\u00ed es punible por tener 17 a\u00f1os&#8221;. &#8220;Responder\u00e1n en el marco de la justicia de menores&#8221;, <\/em><\/strong>agreg\u00f3<strong><em>.<\/em><\/strong><\/p>\n\n\n\n<p>Asimismo reiter\u00f3 el compromiso del gobierno con la lucha contra la delincuencia. <strong><em>&#8220;Estamos trabajando para evitar estos hechos desde todo punto de vista&#8221;,<\/em><\/strong> afirm\u00f3. &#8220;<strong><em>Robusteciendo los dispositivos policiales, el patrullaje urbano, la investigaci\u00f3n penal y bloqueando la comunicaci\u00f3n y el contacto de reclusos de alto perfil con el exterior&#8221;.<\/em><\/strong><\/p>\n<div class=\"newspaper-x-tags\"><strong>TAGS: <\/strong><span><a href=\"https:\/\/www.rosarioalerta.com.ar\/site\/archivos\/tag\/ministro-de-justicia-y-seguridad\" rel=\"tag\">ministro de Justicia y Seguridad<\/a><\/span><a href=\"https:\/\/www.rosarioalerta.com.ar\/site\/archivos\/tag\/noticias-de-rosario\" rel=\"tag\">Noticias de Rosario<\/a><\/span><a href=\"https:\/\/www.rosarioalerta.com.ar\/site\/archivos\/tag\/pablo-cococcioni\" rel=\"tag\">Pablo Cococcioni<\/a><\/span><a href=\"https:\/\/www.rosarioalerta.com.ar\/site\/archivos\/tag\/rosario\" rel=\"tag\">Rosario<\/a><\/span><a href=\"https:\/\/www.rosarioalerta.com.ar\/site\/archivos\/tag\/santa-fe\" rel=\"tag\">Santa Fe<\/a> <\/div>","protected":false},"excerpt":{"rendered":"<p>Las pruebas presentadas en la audiencia nos permiten quitarle todo derecho, al comprobarse que en las visitas a trav\u00e9s del blindex programaban actos delictivos As\u00ed lo afirm\u00f3 el ministro de Justicia y Seguridad, Pablo Cococcioni en rueda de prensa, y se lo not\u00f3 muy efusivo con el resultado de la audiencia imputativa por los cr\u00edmenes [&hellip;]<\/p>\n","protected":false},"author":2,"featured_media":16436,"comment_status":"open","ping_status":"open","sticky":false,"template":"","format":"standard","meta":{"_joinchat":[],"footnotes":""},"categories":[11,18,13,21,285],"tags":[610,95,611,55,65],"class_list":["post-16435","post","type-post","status-publish","format-standard","has-post-thumbnail","hentry","category-detenidos","category-institucional","category-judiciales","category-noticias","category-opinion","tag-ministro-de-justicia-y-seguridad","tag-noticias-de-rosario","tag-pablo-cococcioni","tag-rosario","tag-santa-fe"],"_links":{"self":[{"href":"https:\/\/www.rosarioalerta.com.ar\/site\/wp-json\/wp\/v2\/posts\/16435","targetHints":{"allow":["GET"]}}],"collection":[{"href":"https:\/\/www.rosarioalerta.com.ar\/site\/wp-json\/wp\/v2\/posts"}],"about":[{"href":"https:\/\/www.rosarioalerta.com.ar\/site\/wp-json\/wp\/v2\/types\/post"}],"author":[{"embeddable":true,"href":"https:\/\/www.rosarioalerta.com.ar\/site\/wp-json\/wp\/v2\/users\/2"}],"replies":[{"embeddable":true,"href":"https:\/\/www.rosarioalerta.com.ar\/site\/wp-json\/wp\/v2\/comments?post=16435"}],"version-history":[{"count":1,"href":"https:\/\/www.rosarioalerta.com.ar\/site\/wp-json\/wp\/v2\/posts\/16435\/revisions"}],"predecessor-version":[{"id":16437,"href":"https:\/\/www.rosarioalerta.com.ar\/site\/wp-json\/wp\/v2\/posts\/16435\/revisions\/16437"}],"wp:featuredmedia":[{"embeddable":true,"href":"https:\/\/www.rosarioalerta.com.ar\/site\/wp-json\/wp\/v2\/media\/16436"}],"wp:attachment":[{"href":"https:\/\/www.rosarioalerta.com.ar\/site\/wp-json\/wp\/v2\/media?parent=16435"}],"wp:term":[{"taxonomy":"category","embeddable":true,"href":"https:\/\/www.rosarioalerta.com.ar\/site\/wp-json\/wp\/v2\/categories?post=16435"},{"taxonomy":"post_tag","embeddable":true,"href":"https:\/\/www.rosarioalerta.com.ar\/site\/wp-json\/wp\/v2\/tags?post=16435"}],"curies":[{"name":"wp","href":"https:\/\/api.w.org\/{rel}","templated":true}]}}