{"id":16158,"date":"2024-04-03T21:14:06","date_gmt":"2024-04-04T00:14:06","guid":{"rendered":"https:\/\/www.rosarioalerta.com.ar\/site\/?p=16158"},"modified":"2024-04-03T21:14:07","modified_gmt":"2024-04-04T00:14:07","slug":"bullrich-visito-nuevos-pabellones-para-internos-de-alto-riesgo-en-ezeiza","status":"publish","type":"post","link":"https:\/\/www.rosarioalerta.com.ar\/site\/archivos\/16158","title":{"rendered":"Bullrich visit\u00f3 nuevos pabellones para internos de alto riesgo en Ezeiza"},"content":{"rendered":"\n<p><\/p>\n\n\n\n<p>Habilitaron dos de los cuatro pabellones remodelados, destinados al Sistema Integral de Gesti\u00f3n para Personas de Alto Riesgo Privadas de la Libertad en la Unidad Residencial VI del Complejo Penitenciario I de Ezeiza.<\/p>\n\n\n\n<p>Estos nuevos sectores cuentan con capacidad para 26 internos, divididos en dos espacios de 15 y 11 celdas individuales, que, junto con los pabellones existentes, contar\u00e1n con 116 plazas dotadas con altos est\u00e1ndares de seguridad, con el fin de restringir la actividad narcocriminal.<\/p>\n\n\n\n<p>Con ese prop\u00f3sito, el Ministerio de Seguridad proporcion\u00f3 c\u00e1maras de \u00faltima generaci\u00f3n, instaladas en sectores de alojamiento com\u00fan, patios, pasillos y sala de visitas, las cuales son monitoreadas en tiempo real.<\/p>\n\n\n\n<p>Estas innovaciones son fundamentales para neutralizar las mafias intra carcelarias, objetivo esencial en las pol\u00edticas llevadas adelante por el Ministerio Nacional.<\/p>\n<div class=\"newspaper-x-tags\"><strong>TAGS: <\/strong><span><a href=\"https:\/\/www.rosarioalerta.com.ar\/site\/archivos\/tag\/complejo-penitenciario-i-de-ezeiza\" rel=\"tag\">Complejo Penitenciario I de Ezeiza<\/a><\/span><a href=\"https:\/\/www.rosarioalerta.com.ar\/site\/archivos\/tag\/ezeiza\" rel=\"tag\">Ezeiza<\/a> <\/div>","protected":false},"excerpt":{"rendered":"<p>Habilitaron dos de los cuatro pabellones remodelados, destinados al Sistema Integral de Gesti\u00f3n para Personas de Alto Riesgo Privadas de la Libertad en la Unidad Residencial VI del Complejo Penitenciario I de Ezeiza. Estos nuevos sectores cuentan con capacidad para 26 internos, divididos en dos espacios de 15 y 11 celdas individuales, que, junto con [&hellip;]<\/p>\n","protected":false},"author":2,"featured_media":16159,"comment_status":"open","ping_status":"open","sticky":false,"template":"","format":"standard","meta":{"_joinchat":[],"footnotes":""},"categories":[18,21,14],"tags":[560,559],"class_list":["post-16158","post","type-post","status-publish","format-standard","has-post-thumbnail","hentry","category-institucional","category-noticias","category-policiales","tag-complejo-penitenciario-i-de-ezeiza","tag-ezeiza"],"_links":{"self":[{"href":"https:\/\/www.rosarioalerta.com.ar\/site\/wp-json\/wp\/v2\/posts\/16158","targetHints":{"allow":["GET"]}}],"collection":[{"href":"https:\/\/www.rosarioalerta.com.ar\/site\/wp-json\/wp\/v2\/posts"}],"about":[{"href":"https:\/\/www.rosarioalerta.com.ar\/site\/wp-json\/wp\/v2\/types\/post"}],"author":[{"embeddable":true,"href":"https:\/\/www.rosarioalerta.com.ar\/site\/wp-json\/wp\/v2\/users\/2"}],"replies":[{"embeddable":true,"href":"https:\/\/www.rosarioalerta.com.ar\/site\/wp-json\/wp\/v2\/comments?post=16158"}],"version-history":[{"count":1,"href":"https:\/\/www.rosarioalerta.com.ar\/site\/wp-json\/wp\/v2\/posts\/16158\/revisions"}],"predecessor-version":[{"id":16160,"href":"https:\/\/www.rosarioalerta.com.ar\/site\/wp-json\/wp\/v2\/posts\/16158\/revisions\/16160"}],"wp:featuredmedia":[{"embeddable":true,"href":"https:\/\/www.rosarioalerta.com.ar\/site\/wp-json\/wp\/v2\/media\/16159"}],"wp:attachment":[{"href":"https:\/\/www.rosarioalerta.com.ar\/site\/wp-json\/wp\/v2\/media?parent=16158"}],"wp:term":[{"taxonomy":"category","embeddable":true,"href":"https:\/\/www.rosarioalerta.com.ar\/site\/wp-json\/wp\/v2\/categories?post=16158"},{"taxonomy":"post_tag","embeddable":true,"href":"https:\/\/www.rosarioalerta.com.ar\/site\/wp-json\/wp\/v2\/tags?post=16158"}],"curies":[{"name":"wp","href":"https:\/\/api.w.org\/{rel}","templated":true}]}}