{"id":16070,"date":"2024-03-28T13:48:26","date_gmt":"2024-03-28T16:48:26","guid":{"rendered":"https:\/\/www.rosarioalerta.com.ar\/site\/?p=16070"},"modified":"2024-03-28T13:48:27","modified_gmt":"2024-03-28T16:48:27","slug":"desarticularon-otra-celula-narco","status":"publish","type":"post","link":"https:\/\/www.rosarioalerta.com.ar\/site\/archivos\/16070","title":{"rendered":"Desarticularon otra c\u00e9lula narco\u00a0"},"content":{"rendered":"\n<p><\/p>\n\n\n\n<p>Se trata de la \u201c<strong>Banda de Tamara<\/strong>\u201d quien obedec\u00eda \u00f3rdenes de <strong>Dylan Cantero<\/strong><\/p>\n\n\n\n<p>En las \u00faltimas horas la <strong>Divisi\u00f3n Unidad Operativa Rosario<\/strong>, de la <strong>Polic\u00eda Federal<\/strong>, en colaboraci\u00f3n con la <strong>Polic\u00eda de la Provincia de Santa Fe<\/strong>, bajo la supervisi\u00f3n del <strong>Ministerio de Seguridad de la Naci\u00f3n<\/strong> y de la <strong>provincia de Santa Fe<\/strong>, llevaron adelante la detenci\u00f3n del individuo responsable de las amenazas al futbolista <strong>\u00c1ngel Di Mar\u00eda<\/strong> y su familia.<\/p>\n\n\n\n<p>Esta detenci\u00f3n fue en el marco de una importante investigaci\u00f3n que llevaban a cabo en causas vinculadas al tr\u00e1fico y venta de estupefacientes. Desde hace un a\u00f1o el fiscal federal <strong>Arzubi Calvo<\/strong>, viene trabajando con las fuerzas federales dependientes del Ministerio de Seguridad de la Naci\u00f3n, sobre una banda que comercializaba droga al narcomenudeo en <strong>la localidad de P\u00e9rez.<\/strong><\/p>\n\n\n\n<p>En estas investigaciones se obtuvieron escuchas telef\u00f3nicas que permit\u00edan relacionar a miembros de la banda narco investigada con las amenazas al futbolista y su familia.&nbsp;<\/p>\n\n\n\n<p>Los agentes federales establecieron que un hombre con el apodo de \u201c<strong>Pali<\/strong>\u201d, habr\u00eda sido contratado por la organizaci\u00f3n narcocriminal, con base en la ciudad de Rosario, liderada por \u201c<strong>Dylan<\/strong>\u201d, presumiblemente <strong>Dylan Cantero<\/strong>, <strong>el l\u00edder m\u00e1s joven de la banda de \u201cLos Monos\u201d,<\/strong> para que llevara adelante las amenazas y que est\u00e1 detenido en la <strong>Unidad Penitenciaria N\u00b0 11 de Pi\u00f1ero&nbsp;<\/strong><\/p>\n\n\n\n<p>Los agentes federales lograron establecer, a trav\u00e9s de la exhaustiva investigaci\u00f3n que la <strong>Banda de Tamara<\/strong> tendr\u00eda vinculaciones <strong>con Dylan Cantero<\/strong>, y por ello montaron un discreto un operativo en torno a la vivienda ocupada por el sospechoso de ser autor de las amenazas. Luego de horas de escrupulosa vigilancia y ante el peligro inminente de fuga se procedi\u00f3 a la detenci\u00f3n del sujeto y su pareja. En el momento de la detenci\u00f3n se les incaut\u00f3 un bolso con 150 dosis de coca\u00edna.<\/p>\n\n\n\n<p>Tanto las escuchas, como las investigaciones previas y los datos logrados en la detenci\u00f3n de estos criminales derivaron en la orden judicial para concretar siete allanamientos en simult\u00e1neo en la ciudad de Rosario y la <strong>localidad de P\u00e9rez<\/strong> llevados adelante por la Unid<strong>ad Operativa Federal de Rosario de la Polic\u00eda Federal Argentina <\/strong>con el resultado de <strong>9 personas detenidas, m\u00e1s de 1kilo y medio de coca\u00edna, planta de cannabis, una escopeta de caza, varios cartuchos, celulares y dinero en efectivo<\/strong>, que permitieron vincular a <strong>Dylan Cantero<\/strong> como autor material de la intimidaci\u00f3n contra la familia de <strong>\u00c1ngel Di Maria<\/strong> en <strong>Miraflores<\/strong>, el barrio cerrado de <strong>Funes<\/strong>&nbsp;<\/p>\n<div class=\"newspaper-x-tags\"><strong>TAGS: <\/strong><span><a href=\"https:\/\/www.rosarioalerta.com.ar\/site\/archivos\/tag\/dylan-cantero\" rel=\"tag\">Dylan Cantero<\/a><\/span><a href=\"https:\/\/www.rosarioalerta.com.ar\/site\/archivos\/tag\/la-banda-de-tamara\" rel=\"tag\">La Banda de Tamara<\/a><\/span><a href=\"https:\/\/www.rosarioalerta.com.ar\/site\/archivos\/tag\/noticias-de-rosario\" rel=\"tag\">Noticias de Rosario<\/a><\/span><a href=\"https:\/\/www.rosarioalerta.com.ar\/site\/archivos\/tag\/rosario\" rel=\"tag\">Rosario<\/a><\/span><a href=\"https:\/\/www.rosarioalerta.com.ar\/site\/archivos\/tag\/santa-fe\" rel=\"tag\">Santa Fe<\/a> <\/div>","protected":false},"excerpt":{"rendered":"<p>Se trata de la \u201cBanda de Tamara\u201d quien obedec\u00eda \u00f3rdenes de Dylan Cantero En las \u00faltimas horas la Divisi\u00f3n Unidad Operativa Rosario, de la Polic\u00eda Federal, en colaboraci\u00f3n con la Polic\u00eda de la Provincia de Santa Fe, bajo la supervisi\u00f3n del Ministerio de Seguridad de la Naci\u00f3n y de la provincia de Santa Fe, llevaron [&hellip;]<\/p>\n","protected":false},"author":2,"featured_media":16071,"comment_status":"open","ping_status":"open","sticky":false,"template":"","format":"standard","meta":{"_joinchat":[],"footnotes":""},"categories":[12,11,21,14],"tags":[554,555,95,55,65],"class_list":["post-16070","post","type-post","status-publish","format-standard","has-post-thumbnail","hentry","category-allanamientos","category-detenidos","category-noticias","category-policiales","tag-dylan-cantero","tag-la-banda-de-tamara","tag-noticias-de-rosario","tag-rosario","tag-santa-fe"],"_links":{"self":[{"href":"https:\/\/www.rosarioalerta.com.ar\/site\/wp-json\/wp\/v2\/posts\/16070","targetHints":{"allow":["GET"]}}],"collection":[{"href":"https:\/\/www.rosarioalerta.com.ar\/site\/wp-json\/wp\/v2\/posts"}],"about":[{"href":"https:\/\/www.rosarioalerta.com.ar\/site\/wp-json\/wp\/v2\/types\/post"}],"author":[{"embeddable":true,"href":"https:\/\/www.rosarioalerta.com.ar\/site\/wp-json\/wp\/v2\/users\/2"}],"replies":[{"embeddable":true,"href":"https:\/\/www.rosarioalerta.com.ar\/site\/wp-json\/wp\/v2\/comments?post=16070"}],"version-history":[{"count":1,"href":"https:\/\/www.rosarioalerta.com.ar\/site\/wp-json\/wp\/v2\/posts\/16070\/revisions"}],"predecessor-version":[{"id":16072,"href":"https:\/\/www.rosarioalerta.com.ar\/site\/wp-json\/wp\/v2\/posts\/16070\/revisions\/16072"}],"wp:featuredmedia":[{"embeddable":true,"href":"https:\/\/www.rosarioalerta.com.ar\/site\/wp-json\/wp\/v2\/media\/16071"}],"wp:attachment":[{"href":"https:\/\/www.rosarioalerta.com.ar\/site\/wp-json\/wp\/v2\/media?parent=16070"}],"wp:term":[{"taxonomy":"category","embeddable":true,"href":"https:\/\/www.rosarioalerta.com.ar\/site\/wp-json\/wp\/v2\/categories?post=16070"},{"taxonomy":"post_tag","embeddable":true,"href":"https:\/\/www.rosarioalerta.com.ar\/site\/wp-json\/wp\/v2\/tags?post=16070"}],"curies":[{"name":"wp","href":"https:\/\/api.w.org\/{rel}","templated":true}]}}