{"id":16028,"date":"2024-03-27T06:33:16","date_gmt":"2024-03-27T09:33:16","guid":{"rendered":"https:\/\/www.rosarioalerta.com.ar\/site\/?p=16028"},"modified":"2024-03-27T06:56:52","modified_gmt":"2024-03-27T09:56:52","slug":"un-hombre-fue-asesinado-en-empalme-graneros","status":"publish","type":"post","link":"https:\/\/www.rosarioalerta.com.ar\/site\/archivos\/16028","title":{"rendered":"Un hombre fue asesinado en Empalme Graneros\u00a0"},"content":{"rendered":"\n<p><\/p>\n\n\n\n<p>La v\u00edctima fue trasladada hasta un nosocomio en moto&nbsp;<\/p>\n\n\n\n<p>En las \u00faltimas horas de la tarde de este martes, un <strong>hombre de 34 a\u00f1os<\/strong>, fue ultimado en una vivienda precaria de <strong>Cullen al 1600 bis.<\/strong><\/p>\n\n\n\n<p>Seg\u00fan las primeras informaciones, vecinos de la zona escucharon cinco detonaciones y luego sobre la v\u00eda p\u00fablica, estaba el cuerpo de <strong>Ezequiel <\/strong>con varios impactos. Fue cargado en una motocicleta y trasladado al <strong>Hospital Alberdi,<\/strong> donde llega con varias heridas por arma de fuego sin signos vitales<\/p>\n\n\n\n<p>El cuerpo fue derivado al <strong>Instituto M\u00e9dico Legal<\/strong> para la pr\u00e1ctica de la autopsia y en la escena trabaj\u00f3 personal del <strong>Gabinete Criminal\u00edstico de la PDI&nbsp;<\/strong><\/p>\n<div class=\"newspaper-x-tags\"><strong>TAGS: <\/strong><span><a href=\"https:\/\/www.rosarioalerta.com.ar\/site\/archivos\/tag\/noticias-de-rosario\" rel=\"tag\">Noticias de Rosario<\/a><\/span><a href=\"https:\/\/www.rosarioalerta.com.ar\/site\/archivos\/tag\/rosario\" rel=\"tag\">Rosario<\/a><\/span><a href=\"https:\/\/www.rosarioalerta.com.ar\/site\/archivos\/tag\/santa-fe\" rel=\"tag\">Santa Fe<\/a> <\/div>","protected":false},"excerpt":{"rendered":"<p>La v\u00edctima fue trasladada hasta un nosocomio en moto&nbsp; En las \u00faltimas horas de la tarde de este martes, un hombre de 34 a\u00f1os, fue ultimado en una vivienda precaria de Cullen al 1600 bis. Seg\u00fan las primeras informaciones, vecinos de la zona escucharon cinco detonaciones y luego sobre la v\u00eda p\u00fablica, estaba el cuerpo [&hellip;]<\/p>\n","protected":false},"author":2,"featured_media":16029,"comment_status":"open","ping_status":"open","sticky":false,"template":"","format":"standard","meta":{"_joinchat":[],"footnotes":""},"categories":[15,17,6,21,14],"tags":[95,55,65],"class_list":["post-16028","post","type-post","status-publish","format-standard","has-post-thumbnail","hentry","category-balaceras","category-heridos","category-homicidios","category-noticias","category-policiales","tag-noticias-de-rosario","tag-rosario","tag-santa-fe"],"_links":{"self":[{"href":"https:\/\/www.rosarioalerta.com.ar\/site\/wp-json\/wp\/v2\/posts\/16028","targetHints":{"allow":["GET"]}}],"collection":[{"href":"https:\/\/www.rosarioalerta.com.ar\/site\/wp-json\/wp\/v2\/posts"}],"about":[{"href":"https:\/\/www.rosarioalerta.com.ar\/site\/wp-json\/wp\/v2\/types\/post"}],"author":[{"embeddable":true,"href":"https:\/\/www.rosarioalerta.com.ar\/site\/wp-json\/wp\/v2\/users\/2"}],"replies":[{"embeddable":true,"href":"https:\/\/www.rosarioalerta.com.ar\/site\/wp-json\/wp\/v2\/comments?post=16028"}],"version-history":[{"count":2,"href":"https:\/\/www.rosarioalerta.com.ar\/site\/wp-json\/wp\/v2\/posts\/16028\/revisions"}],"predecessor-version":[{"id":16037,"href":"https:\/\/www.rosarioalerta.com.ar\/site\/wp-json\/wp\/v2\/posts\/16028\/revisions\/16037"}],"wp:featuredmedia":[{"embeddable":true,"href":"https:\/\/www.rosarioalerta.com.ar\/site\/wp-json\/wp\/v2\/media\/16029"}],"wp:attachment":[{"href":"https:\/\/www.rosarioalerta.com.ar\/site\/wp-json\/wp\/v2\/media?parent=16028"}],"wp:term":[{"taxonomy":"category","embeddable":true,"href":"https:\/\/www.rosarioalerta.com.ar\/site\/wp-json\/wp\/v2\/categories?post=16028"},{"taxonomy":"post_tag","embeddable":true,"href":"https:\/\/www.rosarioalerta.com.ar\/site\/wp-json\/wp\/v2\/tags?post=16028"}],"curies":[{"name":"wp","href":"https:\/\/api.w.org\/{rel}","templated":true}]}}