{"id":15998,"date":"2024-03-25T13:45:19","date_gmt":"2024-03-25T16:45:19","guid":{"rendered":"https:\/\/www.rosarioalerta.com.ar\/site\/?p=15998"},"modified":"2024-03-25T14:48:39","modified_gmt":"2024-03-25T17:48:39","slug":"condenaron-a-19-anos-de-prision-al-gendarme-que-mato-a-un-delincuente","status":"publish","type":"post","link":"https:\/\/www.rosarioalerta.com.ar\/site\/archivos\/15998","title":{"rendered":"Condenaron a 19 a\u00f1os de prisi\u00f3n al gendarme que mat\u00f3 a un delincuente"},"content":{"rendered":"\n<p><\/p>\n\n\n\n<p>Seg\u00fan el fiscal Adri\u00e1n Spelta, no se trata de un hecho de violencia institucional y no fue un caso de gatillo f\u00e1cil<\/p>\n\n\n\n<p>El tribunal integrado por los jueces <strong>Gonzalo L\u00f3pez Quintana, Carlos Leiva y Lorena Aronne<\/strong>, condenaron por unanimidad a <strong>H\u00e9ctor Daniel Rivas a 19 a\u00f1os<\/strong> <strong>de prisi\u00f3n<\/strong> como autor de homicidio agravado por uso de arma de fuego.<\/p>\n\n\n\n<p>Seg\u00fan el parte policial del <strong>7 de marzo del 2021, Rivas<\/strong>, empleado de <strong>Gendarmer\u00eda Nacional<\/strong>, de civil en ese momento, a ra\u00edz de una ruptura del vidrio de su coche, con intenciones terribles de sustraerle las pertenencias, sali\u00f3 a correr a dos chicos, tras darle alcance a las tres o cuatro cuadras (<strong>S\u00e1nchez de Bustamante y Leiva<\/strong>) y con una pistola 9mm les dispar\u00f3 a uno de ellos por la espalda, ocasion\u00e1ndole la muerte, al identificado como; <strong>Facundo Ver\u00f3n de 15 a\u00f1os<\/strong><\/p>\n\n\n\n<p>El tribunal entendi\u00f3 que la conducta encuadra la figura de homicidio agravado por el uso de armas de fuego, y por tal motivo dispuso la pena de 19 a\u00f1os de prisi\u00f3n. Al respecto <strong>Spelta<\/strong> manifest\u00f3; <em>\u201cLo que tenemos que dejar en claro es que no se trata de un hecho de violencia institucional, no es un caso de gatillo f\u00e1cil, m\u00e1s all\u00e1 de que se trata de la persona que comete el hecho, por ser un gendarme, no estaban en ejercicio de sus funciones, sino que era como cualquier particular que estaba en el interior de su casa, a ra\u00edz de este intento de sustraerle las pertenencias dentro del veh\u00edculo, sali\u00f3 a correrlo con un arma que ten\u00eda en su poder, que era por \u00e9l provista, y le dio alcance y luego le dio muerte a un ni\u00f1o de 15 a\u00f1os de edad\u201d<\/em><\/p>\n\n\n\n<p>La fiscal\u00eda hab\u00eda solicitado la pena de 23 a\u00f1os de prisi\u00f3n. Por su parte, el abogado <strong>Julio Lovey<\/strong> aleg\u00f3 que los j\u00f3venes hab\u00edan intentado robar el auto de Rivas y que la acusaci\u00f3n no cuenta con la prueba necesaria para condenarlo, por lo que solicit\u00f3 al tribunal la absoluci\u00f3n por el beneficio de la duda.<\/p>\n<div class=\"newspaper-x-tags\"><strong>TAGS: <\/strong><span><a href=\"https:\/\/www.rosarioalerta.com.ar\/site\/archivos\/tag\/noticias-de-rosario\" rel=\"tag\">Noticias de Rosario<\/a><\/span><a href=\"https:\/\/www.rosarioalerta.com.ar\/site\/archivos\/tag\/rosario\" rel=\"tag\">Rosario<\/a><\/span><a href=\"https:\/\/www.rosarioalerta.com.ar\/site\/archivos\/tag\/santa-fe\" rel=\"tag\">Santa Fe<\/a> <\/div>","protected":false},"excerpt":{"rendered":"<p>Seg\u00fan el fiscal Adri\u00e1n Spelta, no se trata de un hecho de violencia institucional y no fue un caso de gatillo f\u00e1cil El tribunal integrado por los jueces Gonzalo L\u00f3pez Quintana, Carlos Leiva y Lorena Aronne, condenaron por unanimidad a H\u00e9ctor Daniel Rivas a 19 a\u00f1os de prisi\u00f3n como autor de homicidio agravado por uso [&hellip;]<\/p>\n","protected":false},"author":2,"featured_media":15999,"comment_status":"open","ping_status":"open","sticky":false,"template":"","format":"standard","meta":{"_joinchat":[],"footnotes":""},"categories":[6,13,21],"tags":[95,55,65],"class_list":["post-15998","post","type-post","status-publish","format-standard","has-post-thumbnail","hentry","category-homicidios","category-judiciales","category-noticias","tag-noticias-de-rosario","tag-rosario","tag-santa-fe"],"_links":{"self":[{"href":"https:\/\/www.rosarioalerta.com.ar\/site\/wp-json\/wp\/v2\/posts\/15998","targetHints":{"allow":["GET"]}}],"collection":[{"href":"https:\/\/www.rosarioalerta.com.ar\/site\/wp-json\/wp\/v2\/posts"}],"about":[{"href":"https:\/\/www.rosarioalerta.com.ar\/site\/wp-json\/wp\/v2\/types\/post"}],"author":[{"embeddable":true,"href":"https:\/\/www.rosarioalerta.com.ar\/site\/wp-json\/wp\/v2\/users\/2"}],"replies":[{"embeddable":true,"href":"https:\/\/www.rosarioalerta.com.ar\/site\/wp-json\/wp\/v2\/comments?post=15998"}],"version-history":[{"count":2,"href":"https:\/\/www.rosarioalerta.com.ar\/site\/wp-json\/wp\/v2\/posts\/15998\/revisions"}],"predecessor-version":[{"id":16002,"href":"https:\/\/www.rosarioalerta.com.ar\/site\/wp-json\/wp\/v2\/posts\/15998\/revisions\/16002"}],"wp:featuredmedia":[{"embeddable":true,"href":"https:\/\/www.rosarioalerta.com.ar\/site\/wp-json\/wp\/v2\/media\/15999"}],"wp:attachment":[{"href":"https:\/\/www.rosarioalerta.com.ar\/site\/wp-json\/wp\/v2\/media?parent=15998"}],"wp:term":[{"taxonomy":"category","embeddable":true,"href":"https:\/\/www.rosarioalerta.com.ar\/site\/wp-json\/wp\/v2\/categories?post=15998"},{"taxonomy":"post_tag","embeddable":true,"href":"https:\/\/www.rosarioalerta.com.ar\/site\/wp-json\/wp\/v2\/tags?post=15998"}],"curies":[{"name":"wp","href":"https:\/\/api.w.org\/{rel}","templated":true}]}}