{"id":15989,"date":"2024-03-25T07:30:10","date_gmt":"2024-03-25T10:30:10","guid":{"rendered":"https:\/\/www.rosarioalerta.com.ar\/site\/?p=15989"},"modified":"2024-03-25T07:30:11","modified_gmt":"2024-03-25T10:30:11","slug":"seis-evadidos-en-santa-fe-capital","status":"publish","type":"post","link":"https:\/\/www.rosarioalerta.com.ar\/site\/archivos\/15989","title":{"rendered":"Seis evadidos en Santa Fe capital"},"content":{"rendered":"\n<p><\/p>\n\n\n\n<p>Rompieron el cerco perimetral y ganaron los techos de la dependencia<\/p>\n\n\n\n<p>Una fuga de presos se registr\u00f3 ayer por la noche en la capital santafesina, en la <strong>Sub Comisar\u00eda 17\u00ba de Gorriti al 5600<\/strong>, donde las primeras informaciones, dan cuenta que terceros rompieron el cerco perimetral, haciendo que los seis reclusos, ganen los techos para fugarse de la dependencia<\/p>\n\n\n\n<p>Varias patrullas y persona de Asuntos Internos est\u00e1n abocado a la recaptura de los evadidos<\/p>\n\n\n\n<p>Los evadidos son; <strong>Mariano Jos\u00e9 Escobar Crivelli de 20 a\u00f1os<\/strong> quien estaba detenido por una causa de portaci\u00f3n de arma de fuego; <strong>Juan Ignacio Flores de 28 a\u00f1os, <\/strong>quien purga condena por robo;<strong> H\u00e9ctor Rolando Cejas de 19 a\u00f1os<\/strong>, quien estaba imputado en una causa por robo calificado; <strong>Diego Alejandro Garc\u00eda de 18 a\u00f1os<\/strong>, estaba detenido por una tentativa de homicidio; <strong>Rub\u00e9n Dar\u00edo Bogado de 32 a\u00f1os<\/strong>, atraviesa una causa por tentativa de robo y amenazas, el restante es <strong>Carlos Andr\u00e9s Amarilla de 33 a\u00f1os<\/strong><\/p>\n<div class=\"newspaper-x-tags\"><strong>TAGS: <\/strong><span><a href=\"https:\/\/www.rosarioalerta.com.ar\/site\/archivos\/tag\/evadidos\" rel=\"tag\">Evadidos<\/a><\/span><a href=\"https:\/\/www.rosarioalerta.com.ar\/site\/archivos\/tag\/santa-fe\" rel=\"tag\">Santa Fe<\/a><\/span><a href=\"https:\/\/www.rosarioalerta.com.ar\/site\/archivos\/tag\/sub-comisaria-17o\" rel=\"tag\">Sub Comisar\u00eda 17\u00ba<\/a> <\/div>","protected":false},"excerpt":{"rendered":"<p>Rompieron el cerco perimetral y ganaron los techos de la dependencia Una fuga de presos se registr\u00f3 ayer por la noche en la capital santafesina, en la Sub Comisar\u00eda 17\u00ba de Gorriti al 5600, donde las primeras informaciones, dan cuenta que terceros rompieron el cerco perimetral, haciendo que los seis reclusos, ganen los techos para [&hellip;]<\/p>\n","protected":false},"author":2,"featured_media":15990,"comment_status":"open","ping_status":"open","sticky":false,"template":"","format":"standard","meta":{"_joinchat":[],"footnotes":""},"categories":[21,14],"tags":[551,65,552],"class_list":["post-15989","post","type-post","status-publish","format-standard","has-post-thumbnail","hentry","category-noticias","category-policiales","tag-evadidos","tag-santa-fe","tag-sub-comisaria-17o"],"_links":{"self":[{"href":"https:\/\/www.rosarioalerta.com.ar\/site\/wp-json\/wp\/v2\/posts\/15989","targetHints":{"allow":["GET"]}}],"collection":[{"href":"https:\/\/www.rosarioalerta.com.ar\/site\/wp-json\/wp\/v2\/posts"}],"about":[{"href":"https:\/\/www.rosarioalerta.com.ar\/site\/wp-json\/wp\/v2\/types\/post"}],"author":[{"embeddable":true,"href":"https:\/\/www.rosarioalerta.com.ar\/site\/wp-json\/wp\/v2\/users\/2"}],"replies":[{"embeddable":true,"href":"https:\/\/www.rosarioalerta.com.ar\/site\/wp-json\/wp\/v2\/comments?post=15989"}],"version-history":[{"count":1,"href":"https:\/\/www.rosarioalerta.com.ar\/site\/wp-json\/wp\/v2\/posts\/15989\/revisions"}],"predecessor-version":[{"id":15991,"href":"https:\/\/www.rosarioalerta.com.ar\/site\/wp-json\/wp\/v2\/posts\/15989\/revisions\/15991"}],"wp:featuredmedia":[{"embeddable":true,"href":"https:\/\/www.rosarioalerta.com.ar\/site\/wp-json\/wp\/v2\/media\/15990"}],"wp:attachment":[{"href":"https:\/\/www.rosarioalerta.com.ar\/site\/wp-json\/wp\/v2\/media?parent=15989"}],"wp:term":[{"taxonomy":"category","embeddable":true,"href":"https:\/\/www.rosarioalerta.com.ar\/site\/wp-json\/wp\/v2\/categories?post=15989"},{"taxonomy":"post_tag","embeddable":true,"href":"https:\/\/www.rosarioalerta.com.ar\/site\/wp-json\/wp\/v2\/tags?post=15989"}],"curies":[{"name":"wp","href":"https:\/\/api.w.org\/{rel}","templated":true}]}}