{"id":15944,"date":"2024-03-22T10:31:49","date_gmt":"2024-03-22T13:31:49","guid":{"rendered":"https:\/\/www.rosarioalerta.com.ar\/site\/?p=15944"},"modified":"2024-03-22T10:31:50","modified_gmt":"2024-03-22T13:31:50","slug":"hallan-un-cuerpo-calcinado-en-alvear","status":"publish","type":"post","link":"https:\/\/www.rosarioalerta.com.ar\/site\/archivos\/15944","title":{"rendered":"Hallan un cuerpo calcinado en Alvear"},"content":{"rendered":"\n<p><\/p>\n\n\n\n<p>Fue en las primeras horas de la ma\u00f1ana de este viernes<\/p>\n\n\n\n<p>Un macabro hallazgo se produjo esta ma\u00f1ana en un camino rural que une los <strong>barrios Los Troncales y Tierra de Sue\u00f1os Alvear<\/strong>, en la localidad hom\u00f3nima, donde encontraron un cuerpo calcinado por un transe\u00fante que circulaba por la zona.<\/p>\n\n\n\n<p>Por el avanzado estado de descomposici\u00f3n, no se pudo determinar el sexo, mucho menos la identidad del mismo y el <strong>Fiscal Gast\u00f3n \u00c1vila de la Unidad de Homicidios Dolosos, <\/strong>orden\u00f3 el traslado del cuerpo al<strong> Instituto M\u00e9dico Legal <\/strong>para la pr\u00e1ctica de la autopsia y en la escena trabaj\u00f3 personal del <strong>Gabinete Criminal\u00edstico de la PDI<\/strong><\/p>\n<div class=\"newspaper-x-tags\"><strong>TAGS: <\/strong><span><a href=\"https:\/\/www.rosarioalerta.com.ar\/site\/archivos\/tag\/alvear\" rel=\"tag\">Alvear<\/a><\/span><a href=\"https:\/\/www.rosarioalerta.com.ar\/site\/archivos\/tag\/noticias-de-alvear\" rel=\"tag\">Noticias de Alvear<\/a><\/span><a href=\"https:\/\/www.rosarioalerta.com.ar\/site\/archivos\/tag\/noticias-de-rosario\" rel=\"tag\">Noticias de Rosario<\/a><\/span><a href=\"https:\/\/www.rosarioalerta.com.ar\/site\/archivos\/tag\/rosario\" rel=\"tag\">Rosario<\/a><\/span><a href=\"https:\/\/www.rosarioalerta.com.ar\/site\/archivos\/tag\/santa-fe\" rel=\"tag\">Santa Fe<\/a> <\/div>","protected":false},"excerpt":{"rendered":"<p>Fue en las primeras horas de la ma\u00f1ana de este viernes Un macabro hallazgo se produjo esta ma\u00f1ana en un camino rural que une los barrios Los Troncales y Tierra de Sue\u00f1os Alvear, en la localidad hom\u00f3nima, donde encontraron un cuerpo calcinado por un transe\u00fante que circulaba por la zona. Por el avanzado estado de [&hellip;]<\/p>\n","protected":false},"author":2,"featured_media":15945,"comment_status":"open","ping_status":"open","sticky":false,"template":"","format":"standard","meta":{"_joinchat":[],"footnotes":""},"categories":[6,21,14],"tags":[91,300,95,55,65],"class_list":["post-15944","post","type-post","status-publish","format-standard","has-post-thumbnail","hentry","category-homicidios","category-noticias","category-policiales","tag-alvear","tag-noticias-de-alvear","tag-noticias-de-rosario","tag-rosario","tag-santa-fe"],"_links":{"self":[{"href":"https:\/\/www.rosarioalerta.com.ar\/site\/wp-json\/wp\/v2\/posts\/15944","targetHints":{"allow":["GET"]}}],"collection":[{"href":"https:\/\/www.rosarioalerta.com.ar\/site\/wp-json\/wp\/v2\/posts"}],"about":[{"href":"https:\/\/www.rosarioalerta.com.ar\/site\/wp-json\/wp\/v2\/types\/post"}],"author":[{"embeddable":true,"href":"https:\/\/www.rosarioalerta.com.ar\/site\/wp-json\/wp\/v2\/users\/2"}],"replies":[{"embeddable":true,"href":"https:\/\/www.rosarioalerta.com.ar\/site\/wp-json\/wp\/v2\/comments?post=15944"}],"version-history":[{"count":1,"href":"https:\/\/www.rosarioalerta.com.ar\/site\/wp-json\/wp\/v2\/posts\/15944\/revisions"}],"predecessor-version":[{"id":15946,"href":"https:\/\/www.rosarioalerta.com.ar\/site\/wp-json\/wp\/v2\/posts\/15944\/revisions\/15946"}],"wp:featuredmedia":[{"embeddable":true,"href":"https:\/\/www.rosarioalerta.com.ar\/site\/wp-json\/wp\/v2\/media\/15945"}],"wp:attachment":[{"href":"https:\/\/www.rosarioalerta.com.ar\/site\/wp-json\/wp\/v2\/media?parent=15944"}],"wp:term":[{"taxonomy":"category","embeddable":true,"href":"https:\/\/www.rosarioalerta.com.ar\/site\/wp-json\/wp\/v2\/categories?post=15944"},{"taxonomy":"post_tag","embeddable":true,"href":"https:\/\/www.rosarioalerta.com.ar\/site\/wp-json\/wp\/v2\/tags?post=15944"}],"curies":[{"name":"wp","href":"https:\/\/api.w.org\/{rel}","templated":true}]}}