{"id":15921,"date":"2024-03-21T19:44:28","date_gmt":"2024-03-21T22:44:28","guid":{"rendered":"https:\/\/www.rosarioalerta.com.ar\/site\/?p=15921"},"modified":"2024-03-21T19:44:29","modified_gmt":"2024-03-21T22:44:29","slug":"rescataron-un-caballo-en-la-costanera-del-rio-parana","status":"publish","type":"post","link":"https:\/\/www.rosarioalerta.com.ar\/site\/archivos\/15921","title":{"rendered":"Rescataron un caballo en la Costanera del R\u00edo Paran\u00e1"},"content":{"rendered":"\n<p><\/p>\n\n\n\n<p>Fue en la tarde del jueves en la vecina localidad de Fray Luis Beltr\u00e1n, el equino se encontraba sin vida<\/p>\n\n\n\n<p>Personal de <strong>Bomberos Voluntarios de Fray Luis Beltr\u00e1n<\/strong>, prestaron colaboraci\u00f3n con el <strong>Batall\u00f3n de Arsenales 603<\/strong>, para el rescate de un caballo en la zona de la <strong>Costanera del R\u00edo Paran\u00e1<\/strong>. Al llegar, se constat\u00f3 la existencia de un caballo sin vida de mediana edad y para realizar el rescate, utilizaron una maquinaria pesada, cuerdas y arn\u00e9s<\/p>\n\n\n\n<p>Este tipo de situaciones son poco frecuentes, pero es importante destacar la r\u00e1pida intervenci\u00f3n del personal del <strong>Batall\u00f3n de Arsenales 603 Fray Luis Beltr\u00e1n <\/strong>y de los <strong>Bomberos Voluntarios<\/strong> para rescatar al animal.<\/p>\n\n\n\n<p>Se espera que en las pr\u00f3ximas horas se brinden m\u00e1s detalles sobre las causas de la muerte del caballo, como as\u00ed tambi\u00e9n constatar si se trata del equino en el que se desplazaba <strong>Thiago<\/strong>, el adolescente que fue rescatado en plena tormenta<\/p>\n<div class=\"newspaper-x-tags\"><strong>TAGS: <\/strong><span><a href=\"https:\/\/www.rosarioalerta.com.ar\/site\/archivos\/tag\/bomberos-voluntarios\" rel=\"tag\">Bomberos Voluntarios<\/a><\/span><a href=\"https:\/\/www.rosarioalerta.com.ar\/site\/archivos\/tag\/fray-luis-beltran\" rel=\"tag\">Fray Luis Beltr\u00e1n<\/a><\/span><a href=\"https:\/\/www.rosarioalerta.com.ar\/site\/archivos\/tag\/noticias-de-fray-luis-beltran\" rel=\"tag\">Noticias de Fray Luis Beltr\u00e1n<\/a><\/span><a href=\"https:\/\/www.rosarioalerta.com.ar\/site\/archivos\/tag\/rescate-animal\" rel=\"tag\">Rescate Animal<\/a><\/span><a href=\"https:\/\/www.rosarioalerta.com.ar\/site\/archivos\/tag\/santa-fe\" rel=\"tag\">Santa Fe<\/a> <\/div>","protected":false},"excerpt":{"rendered":"<p>Fue en la tarde del jueves en la vecina localidad de Fray Luis Beltr\u00e1n, el equino se encontraba sin vida Personal de Bomberos Voluntarios de Fray Luis Beltr\u00e1n, prestaron colaboraci\u00f3n con el Batall\u00f3n de Arsenales 603, para el rescate de un caballo en la zona de la Costanera del R\u00edo Paran\u00e1. Al llegar, se constat\u00f3 [&hellip;]<\/p>\n","protected":false},"author":2,"featured_media":15922,"comment_status":"open","ping_status":"open","sticky":false,"template":"","format":"standard","meta":{"_joinchat":[],"footnotes":""},"categories":[21,14,8],"tags":[430,281,282,546,65],"class_list":["post-15921","post","type-post","status-publish","format-standard","has-post-thumbnail","hentry","category-noticias","category-policiales","category-proteccion-de-animales","tag-bomberos-voluntarios","tag-fray-luis-beltran","tag-noticias-de-fray-luis-beltran","tag-rescate-animal","tag-santa-fe"],"_links":{"self":[{"href":"https:\/\/www.rosarioalerta.com.ar\/site\/wp-json\/wp\/v2\/posts\/15921","targetHints":{"allow":["GET"]}}],"collection":[{"href":"https:\/\/www.rosarioalerta.com.ar\/site\/wp-json\/wp\/v2\/posts"}],"about":[{"href":"https:\/\/www.rosarioalerta.com.ar\/site\/wp-json\/wp\/v2\/types\/post"}],"author":[{"embeddable":true,"href":"https:\/\/www.rosarioalerta.com.ar\/site\/wp-json\/wp\/v2\/users\/2"}],"replies":[{"embeddable":true,"href":"https:\/\/www.rosarioalerta.com.ar\/site\/wp-json\/wp\/v2\/comments?post=15921"}],"version-history":[{"count":1,"href":"https:\/\/www.rosarioalerta.com.ar\/site\/wp-json\/wp\/v2\/posts\/15921\/revisions"}],"predecessor-version":[{"id":15923,"href":"https:\/\/www.rosarioalerta.com.ar\/site\/wp-json\/wp\/v2\/posts\/15921\/revisions\/15923"}],"wp:featuredmedia":[{"embeddable":true,"href":"https:\/\/www.rosarioalerta.com.ar\/site\/wp-json\/wp\/v2\/media\/15922"}],"wp:attachment":[{"href":"https:\/\/www.rosarioalerta.com.ar\/site\/wp-json\/wp\/v2\/media?parent=15921"}],"wp:term":[{"taxonomy":"category","embeddable":true,"href":"https:\/\/www.rosarioalerta.com.ar\/site\/wp-json\/wp\/v2\/categories?post=15921"},{"taxonomy":"post_tag","embeddable":true,"href":"https:\/\/www.rosarioalerta.com.ar\/site\/wp-json\/wp\/v2\/tags?post=15921"}],"curies":[{"name":"wp","href":"https:\/\/api.w.org\/{rel}","templated":true}]}}