{"id":15868,"date":"2024-03-20T06:50:56","date_gmt":"2024-03-20T09:50:56","guid":{"rendered":"https:\/\/www.rosarioalerta.com.ar\/site\/?p=15868"},"modified":"2024-03-20T06:50:57","modified_gmt":"2024-03-20T09:50:57","slug":"accidente-aereo-en-pueblo-esther","status":"publish","type":"post","link":"https:\/\/www.rosarioalerta.com.ar\/site\/archivos\/15868","title":{"rendered":"Accidente a\u00e9reo en Pueblo Esther"},"content":{"rendered":"\n<p><\/p>\n\n\n\n<p>Cay\u00f3 un Cessna 150 con dos tripulantes y afortunadamente no hubo que lamentar v\u00edctimas<\/p>\n\n\n\n<p>El hecho se produjo alrededor de las 20, cuando un avi\u00f3n de peque\u00f1o porte con dos ocupantes a bordo, realiz\u00f3 un aterrizaje forzoso. Las causas del accidente a\u00fan no se han establecido, aunque se presume que se habr\u00edan debido a desperfectos mec\u00e1nicos.<\/p>\n\n\n\n<p>Los dos ocupantes del avi\u00f3n sufrieron lesiones leves y fueron trasladados a un nosocomio privado de la ciudad de Rosario.<\/p>\n\n\n\n<p>En el lugar del accidente trabajaron personal de Prefectura Naval Argentina, Bomberos Voluntarios y la polic\u00eda de Santa Fe.<\/p>\n<div class=\"newspaper-x-tags\"><strong>TAGS: <\/strong><span><a href=\"https:\/\/www.rosarioalerta.com.ar\/site\/archivos\/tag\/accidente-aereo\" rel=\"tag\">Accidente A\u00e9reo<\/a><\/span><a href=\"https:\/\/www.rosarioalerta.com.ar\/site\/archivos\/tag\/noticias-de-pueblo-esther\" rel=\"tag\">Noticias de Pueblo Esther<\/a><\/span><a href=\"https:\/\/www.rosarioalerta.com.ar\/site\/archivos\/tag\/noticias-de-rosario\" rel=\"tag\">Noticias de Rosario<\/a><\/span><a href=\"https:\/\/www.rosarioalerta.com.ar\/site\/archivos\/tag\/pueblo-esther\" rel=\"tag\">Pueblo Esther<\/a><\/span><a href=\"https:\/\/www.rosarioalerta.com.ar\/site\/archivos\/tag\/rosario\" rel=\"tag\">Rosario<\/a><\/span><a href=\"https:\/\/www.rosarioalerta.com.ar\/site\/archivos\/tag\/santa-fe\" rel=\"tag\">Santa Fe<\/a> <\/div>","protected":false},"excerpt":{"rendered":"<p>Cay\u00f3 un Cessna 150 con dos tripulantes y afortunadamente no hubo que lamentar v\u00edctimas El hecho se produjo alrededor de las 20, cuando un avi\u00f3n de peque\u00f1o porte con dos ocupantes a bordo, realiz\u00f3 un aterrizaje forzoso. Las causas del accidente a\u00fan no se han establecido, aunque se presume que se habr\u00edan debido a desperfectos [&hellip;]<\/p>\n","protected":false},"author":2,"featured_media":15869,"comment_status":"open","ping_status":"open","sticky":false,"template":"","format":"standard","meta":{"_joinchat":[],"footnotes":""},"categories":[17,14],"tags":[545,223,95,222,55,65],"class_list":["post-15868","post","type-post","status-publish","format-standard","has-post-thumbnail","hentry","category-heridos","category-policiales","tag-accidente-aereo","tag-noticias-de-pueblo-esther","tag-noticias-de-rosario","tag-pueblo-esther","tag-rosario","tag-santa-fe"],"_links":{"self":[{"href":"https:\/\/www.rosarioalerta.com.ar\/site\/wp-json\/wp\/v2\/posts\/15868","targetHints":{"allow":["GET"]}}],"collection":[{"href":"https:\/\/www.rosarioalerta.com.ar\/site\/wp-json\/wp\/v2\/posts"}],"about":[{"href":"https:\/\/www.rosarioalerta.com.ar\/site\/wp-json\/wp\/v2\/types\/post"}],"author":[{"embeddable":true,"href":"https:\/\/www.rosarioalerta.com.ar\/site\/wp-json\/wp\/v2\/users\/2"}],"replies":[{"embeddable":true,"href":"https:\/\/www.rosarioalerta.com.ar\/site\/wp-json\/wp\/v2\/comments?post=15868"}],"version-history":[{"count":1,"href":"https:\/\/www.rosarioalerta.com.ar\/site\/wp-json\/wp\/v2\/posts\/15868\/revisions"}],"predecessor-version":[{"id":15870,"href":"https:\/\/www.rosarioalerta.com.ar\/site\/wp-json\/wp\/v2\/posts\/15868\/revisions\/15870"}],"wp:featuredmedia":[{"embeddable":true,"href":"https:\/\/www.rosarioalerta.com.ar\/site\/wp-json\/wp\/v2\/media\/15869"}],"wp:attachment":[{"href":"https:\/\/www.rosarioalerta.com.ar\/site\/wp-json\/wp\/v2\/media?parent=15868"}],"wp:term":[{"taxonomy":"category","embeddable":true,"href":"https:\/\/www.rosarioalerta.com.ar\/site\/wp-json\/wp\/v2\/categories?post=15868"},{"taxonomy":"post_tag","embeddable":true,"href":"https:\/\/www.rosarioalerta.com.ar\/site\/wp-json\/wp\/v2\/tags?post=15868"}],"curies":[{"name":"wp","href":"https:\/\/api.w.org\/{rel}","templated":true}]}}