{"id":15721,"date":"2024-03-12T13:40:00","date_gmt":"2024-03-12T16:40:00","guid":{"rendered":"https:\/\/www.rosarioalerta.com.ar\/site\/?p=15721"},"modified":"2024-03-12T13:40:02","modified_gmt":"2024-03-12T16:40:02","slug":"murio-el-joven-baleado-en-la-lata","status":"publish","type":"post","link":"https:\/\/www.rosarioalerta.com.ar\/site\/archivos\/15721","title":{"rendered":"Muri\u00f3 el joven baleado en La Lata\u00a0"},"content":{"rendered":"\n<p><\/p>\n\n\n\n<p>Se encontraba internado desde principio de mes con un disparo en el abdomen&nbsp;<\/p>\n\n\n\n<p>En las primeras horas de este martes, desde el <strong>Hospital de Emergencias Clemente \u00c1lvarez (HECA)<\/strong> anoticiaron sobre el deceso de <strong>Mario Ezequiel Marini de 22 a\u00f1os<\/strong>, quien hab\u00eda sido herido de arma de fuego el 5 de marzo, en <strong>Corrientes al 3100<\/strong><\/p>\n\n\n\n<p>Seg\u00fan las primeras informaciones y testimonios recabados al momento dan cuenta del hecho ocurrido aproximadamente a las 19, cuando <strong>Marini<\/strong> resulta herido en un domicilio de la calle <strong>Corrientes al 3100<\/strong>. Al arribo del personal policial, la v\u00edctima ya hab\u00eda sido trasladada al <strong>HECA<\/strong> en un veh\u00edculo particular y qued\u00f3 internado en grave estado con una herida de arma de fuego en el abdomen.&nbsp;<\/p>\n\n\n\n<p>La Fiscal\u00eda dispuso la comisi\u00f3n de <strong>Gabinete Criminal\u00edstico<\/strong> para relevamiento de la escena del hecho, relevamiento de c\u00e1maras de seguridad de la zona, toma de testimonios. Se indic\u00f3 se realice pericias fotogr\u00e1ficas, levantamiento de rastros, croquis del lugar, pero hasta el momento se desconocen las motivaciones y agresores&nbsp;<\/p>\n\n\n\n<p class=\"has-text-align-center\"><strong>Se trata del sexto crimen del mes de marzo y el caso n\u00famero 30 desde principios de a\u00f1o<\/strong><\/p>\n<div class=\"newspaper-x-tags\"><strong>TAGS: <\/strong><span><a href=\"https:\/\/www.rosarioalerta.com.ar\/site\/archivos\/tag\/noticias-de-rosario\" rel=\"tag\">Noticias de Rosario<\/a><\/span><a href=\"https:\/\/www.rosarioalerta.com.ar\/site\/archivos\/tag\/rosario\" rel=\"tag\">Rosario<\/a><\/span><a href=\"https:\/\/www.rosarioalerta.com.ar\/site\/archivos\/tag\/santa-fe\" rel=\"tag\">Santa Fe<\/a> <\/div>","protected":false},"excerpt":{"rendered":"<p>Se encontraba internado desde principio de mes con un disparo en el abdomen&nbsp; En las primeras horas de este martes, desde el Hospital de Emergencias Clemente \u00c1lvarez (HECA) anoticiaron sobre el deceso de Mario Ezequiel Marini de 22 a\u00f1os, quien hab\u00eda sido herido de arma de fuego el 5 de marzo, en Corrientes al 3100 [&hellip;]<\/p>\n","protected":false},"author":2,"featured_media":15722,"comment_status":"open","ping_status":"open","sticky":false,"template":"","format":"standard","meta":{"_joinchat":[],"footnotes":""},"categories":[15,17,6,21,14],"tags":[95,55,65],"class_list":["post-15721","post","type-post","status-publish","format-standard","has-post-thumbnail","hentry","category-balaceras","category-heridos","category-homicidios","category-noticias","category-policiales","tag-noticias-de-rosario","tag-rosario","tag-santa-fe"],"_links":{"self":[{"href":"https:\/\/www.rosarioalerta.com.ar\/site\/wp-json\/wp\/v2\/posts\/15721","targetHints":{"allow":["GET"]}}],"collection":[{"href":"https:\/\/www.rosarioalerta.com.ar\/site\/wp-json\/wp\/v2\/posts"}],"about":[{"href":"https:\/\/www.rosarioalerta.com.ar\/site\/wp-json\/wp\/v2\/types\/post"}],"author":[{"embeddable":true,"href":"https:\/\/www.rosarioalerta.com.ar\/site\/wp-json\/wp\/v2\/users\/2"}],"replies":[{"embeddable":true,"href":"https:\/\/www.rosarioalerta.com.ar\/site\/wp-json\/wp\/v2\/comments?post=15721"}],"version-history":[{"count":1,"href":"https:\/\/www.rosarioalerta.com.ar\/site\/wp-json\/wp\/v2\/posts\/15721\/revisions"}],"predecessor-version":[{"id":15723,"href":"https:\/\/www.rosarioalerta.com.ar\/site\/wp-json\/wp\/v2\/posts\/15721\/revisions\/15723"}],"wp:featuredmedia":[{"embeddable":true,"href":"https:\/\/www.rosarioalerta.com.ar\/site\/wp-json\/wp\/v2\/media\/15722"}],"wp:attachment":[{"href":"https:\/\/www.rosarioalerta.com.ar\/site\/wp-json\/wp\/v2\/media?parent=15721"}],"wp:term":[{"taxonomy":"category","embeddable":true,"href":"https:\/\/www.rosarioalerta.com.ar\/site\/wp-json\/wp\/v2\/categories?post=15721"},{"taxonomy":"post_tag","embeddable":true,"href":"https:\/\/www.rosarioalerta.com.ar\/site\/wp-json\/wp\/v2\/tags?post=15721"}],"curies":[{"name":"wp","href":"https:\/\/api.w.org\/{rel}","templated":true}]}}