{"id":15639,"date":"2024-03-10T00:40:15","date_gmt":"2024-03-10T03:40:15","guid":{"rendered":"https:\/\/www.rosarioalerta.com.ar\/site\/?p=15639"},"modified":"2024-03-10T10:09:41","modified_gmt":"2024-03-10T13:09:41","slug":"otro-crimen-con-sello-narco","status":"publish","type":"post","link":"https:\/\/www.rosarioalerta.com.ar\/site\/archivos\/15639","title":{"rendered":"Otro crimen con sello narco"},"content":{"rendered":"\n<p><\/p>\n\n\n\n<p>Mataron a un playero en zona oeste y dejaron un mensaje<\/p>\n\n\n\n<p>Antes de la medianoche rosarina, varias personas <a href=\"https:\/\/x.com\/RosarioAlerta\/status\/1766811126220661030?s=20\" data-type=\"link\" data-id=\"https:\/\/x.com\/RosarioAlerta\/status\/1766811126220661030?s=20\">a bordo de un autom\u00f3vi<\/a>l llegaron hasta la estaci\u00f3n de servicios de <strong>Mendoza al 7600<\/strong> y comenzaron a efectuar disparos contra un joven playero que se encontraba en su puesto de trabajo. Al menos un disparo impact\u00f3 en su cr\u00e1neo y perdi\u00f3 la vida en el acto<\/p>\n\n\n\n<p>La nota que dejaron en la escena tras escapar, hac\u00eda referencia a guerra que decidieron desatar contra las autoridades provinciales, contra el gobernador y el ministro de justicia y seguridad, de similares connotaciones a la bandera que desplegaron en horas de la ma\u00f1ana sobre el puente de <strong>Circunvalaci\u00f3n y Oro\u00f1o<\/strong><\/p>\n\n\n\n<figure class=\"wp-block-image size-large\"><img loading=\"lazy\" decoding=\"async\" width=\"1024\" height=\"576\" src=\"https:\/\/www.rosarioalerta.com.ar\/site\/wp-content\/uploads\/2024\/03\/bandera--1024x576.jpg\" alt=\"\" class=\"wp-image-15640\" srcset=\"https:\/\/www.rosarioalerta.com.ar\/site\/wp-content\/uploads\/2024\/03\/bandera--1024x576.jpg 1024w, https:\/\/www.rosarioalerta.com.ar\/site\/wp-content\/uploads\/2024\/03\/bandera--300x169.jpg 300w, https:\/\/www.rosarioalerta.com.ar\/site\/wp-content\/uploads\/2024\/03\/bandera--768x432.jpg 768w, https:\/\/www.rosarioalerta.com.ar\/site\/wp-content\/uploads\/2024\/03\/bandera--1536x864.jpg 1536w, https:\/\/www.rosarioalerta.com.ar\/site\/wp-content\/uploads\/2024\/03\/bandera--696x392.jpg 696w, https:\/\/www.rosarioalerta.com.ar\/site\/wp-content\/uploads\/2024\/03\/bandera--1068x601.jpg 1068w, https:\/\/www.rosarioalerta.com.ar\/site\/wp-content\/uploads\/2024\/03\/bandera--747x420.jpg 747w, https:\/\/www.rosarioalerta.com.ar\/site\/wp-content\/uploads\/2024\/03\/bandera-.jpg 1920w\" sizes=\"auto, (max-width: 1024px) 100vw, 1024px\" \/><\/figure>\n\n\n\n<p class=\"has-text-align-center\"><strong>Se trata del crimen 28 en el departamento Rosario desde el inicio de a\u00f1o y el cuarto caso del mes de marzo<\/strong><\/p>\n\n\n\n<figure class=\"wp-block-embed is-type-rich is-provider-twitter wp-block-embed-twitter\"><div class=\"wp-block-embed__wrapper\">\n<div class=\"newspaper-x-video-container\"><blockquote class=\"twitter-tweet\" data-width=\"550\" data-dnt=\"true\"><p lang=\"es\" dir=\"ltr\"><a href=\"https:\/\/twitter.com\/hashtag\/Rosario?src=hash&amp;ref_src=twsrc%5Etfw\">#Rosario<\/a> <a href=\"https:\/\/twitter.com\/hashtag\/Policiales?src=hash&amp;ref_src=twsrc%5Etfw\">#Policiales<\/a> <a href=\"https:\/\/t.co\/2a8RdGfj5F\">https:\/\/t.co\/2a8RdGfj5F<\/a> a trav\u00e9s de <a href=\"https:\/\/twitter.com\/RosarioAlerta?ref_src=twsrc%5Etfw\">@RosarioAlerta<\/a> <a href=\"https:\/\/t.co\/kba42jVwi1\">pic.twitter.com\/kba42jVwi1<\/a><\/p>&mdash; Rosario Alerta (@RosarioAlerta) <a href=\"https:\/\/twitter.com\/RosarioAlerta\/status\/1766811126220661030?ref_src=twsrc%5Etfw\">March 10, 2024<\/a><\/blockquote><script async src=\"https:\/\/platform.twitter.com\/widgets.js\" charset=\"utf-8\"><\/script><\/div>\n<\/div><\/figure>\n<div class=\"newspaper-x-tags\"><strong>TAGS: <\/strong><span><a href=\"https:\/\/www.rosarioalerta.com.ar\/site\/archivos\/tag\/noticias-de-rosario\" rel=\"tag\">Noticias de Rosario<\/a><\/span><a href=\"https:\/\/www.rosarioalerta.com.ar\/site\/archivos\/tag\/rosario\" rel=\"tag\">Rosario<\/a><\/span><a href=\"https:\/\/www.rosarioalerta.com.ar\/site\/archivos\/tag\/santa-fe\" rel=\"tag\">Santa Fe<\/a> <\/div>","protected":false},"excerpt":{"rendered":"<p>Mataron a un playero en zona oeste y dejaron un mensaje Antes de la medianoche rosarina, varias personas a bordo de un autom\u00f3vil llegaron hasta la estaci\u00f3n de servicios de Mendoza al 7600 y comenzaron a efectuar disparos contra un joven playero que se encontraba en su puesto de trabajo. Al menos un disparo impact\u00f3 [&hellip;]<\/p>\n","protected":false},"author":2,"featured_media":15641,"comment_status":"open","ping_status":"open","sticky":false,"template":"","format":"standard","meta":{"_joinchat":[],"footnotes":""},"categories":[15,6,21,14],"tags":[95,55,65],"class_list":["post-15639","post","type-post","status-publish","format-standard","has-post-thumbnail","hentry","category-balaceras","category-homicidios","category-noticias","category-policiales","tag-noticias-de-rosario","tag-rosario","tag-santa-fe"],"_links":{"self":[{"href":"https:\/\/www.rosarioalerta.com.ar\/site\/wp-json\/wp\/v2\/posts\/15639","targetHints":{"allow":["GET"]}}],"collection":[{"href":"https:\/\/www.rosarioalerta.com.ar\/site\/wp-json\/wp\/v2\/posts"}],"about":[{"href":"https:\/\/www.rosarioalerta.com.ar\/site\/wp-json\/wp\/v2\/types\/post"}],"author":[{"embeddable":true,"href":"https:\/\/www.rosarioalerta.com.ar\/site\/wp-json\/wp\/v2\/users\/2"}],"replies":[{"embeddable":true,"href":"https:\/\/www.rosarioalerta.com.ar\/site\/wp-json\/wp\/v2\/comments?post=15639"}],"version-history":[{"count":2,"href":"https:\/\/www.rosarioalerta.com.ar\/site\/wp-json\/wp\/v2\/posts\/15639\/revisions"}],"predecessor-version":[{"id":15650,"href":"https:\/\/www.rosarioalerta.com.ar\/site\/wp-json\/wp\/v2\/posts\/15639\/revisions\/15650"}],"wp:featuredmedia":[{"embeddable":true,"href":"https:\/\/www.rosarioalerta.com.ar\/site\/wp-json\/wp\/v2\/media\/15641"}],"wp:attachment":[{"href":"https:\/\/www.rosarioalerta.com.ar\/site\/wp-json\/wp\/v2\/media?parent=15639"}],"wp:term":[{"taxonomy":"category","embeddable":true,"href":"https:\/\/www.rosarioalerta.com.ar\/site\/wp-json\/wp\/v2\/categories?post=15639"},{"taxonomy":"post_tag","embeddable":true,"href":"https:\/\/www.rosarioalerta.com.ar\/site\/wp-json\/wp\/v2\/tags?post=15639"}],"curies":[{"name":"wp","href":"https:\/\/api.w.org\/{rel}","templated":true}]}}