{"id":15574,"date":"2024-03-06T15:44:49","date_gmt":"2024-03-06T18:44:49","guid":{"rendered":"https:\/\/www.rosarioalerta.com.ar\/site\/?p=15574"},"modified":"2024-03-06T15:44:50","modified_gmt":"2024-03-06T18:44:50","slug":"adoptamos-todas-las-medidas-para-dar-con-los-autores-del-ataque-al-taxista","status":"publish","type":"post","link":"https:\/\/www.rosarioalerta.com.ar\/site\/archivos\/15574","title":{"rendered":"\u201cAdoptamos todas las medidas para dar con los autores del ataque al taxista\u201d"},"content":{"rendered":"\n<p><\/p>\n\n\n\n<p>El ministro de Justicia y Seguridad se mostr\u00f3 dispuesto a revisar los corredores seguros que se establecieron para los trabajadores del sector<\/p>\n\n\n\n<p>El <strong>ministro de<\/strong> <strong>Justicia y Seguridad, Pablo Cococcioni<\/strong>, se refiri\u00f3 esta ma\u00f1ana al <strong>homicidio del taxista en barrio Tiro Suizo<\/strong> de la ciudad de Rosario: \u201cEstamos desde el primer momento trabajando con la Polic\u00eda de Investigaciones (PDI) y con la Fiscal\u00eda de homicidios, adoptando todas las medidas de rigor para esclarecer y dar con los autores; sabemos que se trata de un taxista que fue ultimado de dos disparos. Los detalles los dar\u00e1 la fiscal\u00eda y tenemos previsto mantener reuniones con la C\u00e1mara Empresaria y Peones de Taxis para evaluar las medidas preventivas\u201d.<\/p>\n\n\n\n<p>El funcionario apunt\u00f3 que \u201cen principio tenemos un esquema de corredores seguros que lo vamos a someter a discusi\u00f3n sobre si esto sirve o no, porque tambi\u00e9n hay que decir que este m\u00f3vil pas\u00f3 a 10 cuadras de lo que se hab\u00eda acordado, de modo que si hubiera que relocalizar los puntos seguros estamos dispuestos a dialogar, y si surgen medidas preventivas, adoptarlas\u201d, agreg\u00f3.<\/p>\n\n\n\n<p>Con respecto a la investigaci\u00f3n, <strong>Cococcioni<\/strong> advirti\u00f3 que \u201cno tenemos por el momento indicios que indiquen que esto fue en respuesta a la publicaci\u00f3n de ayer sobre las requisas de presos de alto perfil; lo que s\u00ed sabemos hasta ahora es que no consta que hayan ido m\u00e1s personas a bordo que la persona asesinada, pero lo que la investigaci\u00f3n esclarecer\u00e1 es si hab\u00eda o no otros ocupantes al momento del hecho, aunque se descarta el m\u00f3vil de robo\u201d.<\/p>\n\n\n\n<p>Por \u00faltimo, el funcionario aclar\u00f3 que <em>\u201csabemos que el taxi se desplaz\u00f3 a 10 cuadras del corredor seguro que hab\u00eda sido acordado para que los conductores tengan la opci\u00f3n de pasar por ah\u00ed, ya que hab\u00eda un control policial montado espec\u00edficamente para eso adem\u00e1s del patrullaje habitual\u201d.<\/em><\/p>\n<div class=\"newspaper-x-tags\"><strong>TAGS: <\/strong><span><a href=\"https:\/\/www.rosarioalerta.com.ar\/site\/archivos\/tag\/noticias-de-rosario\" rel=\"tag\">Noticias de Rosario<\/a><\/span><a href=\"https:\/\/www.rosarioalerta.com.ar\/site\/archivos\/tag\/rosario\" rel=\"tag\">Rosario<\/a><\/span><a href=\"https:\/\/www.rosarioalerta.com.ar\/site\/archivos\/tag\/santa-fe\" rel=\"tag\">Santa Fe<\/a> <\/div>","protected":false},"excerpt":{"rendered":"<p>El ministro de Justicia y Seguridad se mostr\u00f3 dispuesto a revisar los corredores seguros que se establecieron para los trabajadores del sector El ministro de Justicia y Seguridad, Pablo Cococcioni, se refiri\u00f3 esta ma\u00f1ana al homicidio del taxista en barrio Tiro Suizo de la ciudad de Rosario: \u201cEstamos desde el primer momento trabajando con la [&hellip;]<\/p>\n","protected":false},"author":2,"featured_media":15575,"comment_status":"open","ping_status":"open","sticky":false,"template":"","format":"standard","meta":{"_joinchat":[],"footnotes":""},"categories":[6,18,21],"tags":[95,55,65],"class_list":["post-15574","post","type-post","status-publish","format-standard","has-post-thumbnail","hentry","category-homicidios","category-institucional","category-noticias","tag-noticias-de-rosario","tag-rosario","tag-santa-fe"],"_links":{"self":[{"href":"https:\/\/www.rosarioalerta.com.ar\/site\/wp-json\/wp\/v2\/posts\/15574","targetHints":{"allow":["GET"]}}],"collection":[{"href":"https:\/\/www.rosarioalerta.com.ar\/site\/wp-json\/wp\/v2\/posts"}],"about":[{"href":"https:\/\/www.rosarioalerta.com.ar\/site\/wp-json\/wp\/v2\/types\/post"}],"author":[{"embeddable":true,"href":"https:\/\/www.rosarioalerta.com.ar\/site\/wp-json\/wp\/v2\/users\/2"}],"replies":[{"embeddable":true,"href":"https:\/\/www.rosarioalerta.com.ar\/site\/wp-json\/wp\/v2\/comments?post=15574"}],"version-history":[{"count":1,"href":"https:\/\/www.rosarioalerta.com.ar\/site\/wp-json\/wp\/v2\/posts\/15574\/revisions"}],"predecessor-version":[{"id":15576,"href":"https:\/\/www.rosarioalerta.com.ar\/site\/wp-json\/wp\/v2\/posts\/15574\/revisions\/15576"}],"wp:featuredmedia":[{"embeddable":true,"href":"https:\/\/www.rosarioalerta.com.ar\/site\/wp-json\/wp\/v2\/media\/15575"}],"wp:attachment":[{"href":"https:\/\/www.rosarioalerta.com.ar\/site\/wp-json\/wp\/v2\/media?parent=15574"}],"wp:term":[{"taxonomy":"category","embeddable":true,"href":"https:\/\/www.rosarioalerta.com.ar\/site\/wp-json\/wp\/v2\/categories?post=15574"},{"taxonomy":"post_tag","embeddable":true,"href":"https:\/\/www.rosarioalerta.com.ar\/site\/wp-json\/wp\/v2\/tags?post=15574"}],"curies":[{"name":"wp","href":"https:\/\/api.w.org\/{rel}","templated":true}]}}