{"id":15554,"date":"2024-03-05T23:51:38","date_gmt":"2024-03-06T02:51:38","guid":{"rendered":"https:\/\/www.rosarioalerta.com.ar\/site\/?p=15554"},"modified":"2024-03-06T06:59:18","modified_gmt":"2024-03-06T09:59:18","slug":"asesinaron-a-un-taxista-en-zona-sur","status":"publish","type":"post","link":"https:\/\/www.rosarioalerta.com.ar\/site\/archivos\/15554","title":{"rendered":"Asesinaron a un taxista en zona sur"},"content":{"rendered":"\n<p><\/p>\n\n\n\n<p>Ocurri\u00f3 en el barrio Tiro Suizo y descartaron la versi\u00f3n del homicidio en ocasi\u00f3n de robo<\/p>\n\n\n\n<p>Pasadas las 22 de este martes, el chofer del taxi identificado con el <strong>RA 4139<\/strong>, trasladaba a un pasajero, hasta <strong>Lamadrid y Flamari\u00f3n<\/strong> y recibe un disparo en el cr\u00e1neo que le quita la vida. De las primeras informaciones, se supo que la v\u00edctima lleg\u00f3 al lugar trasladando a un pasajero, el cual luego del ataque se da a fuga perdiendo una zapatilla a pocos metros. Los peritos lograron establecer luego de las primeras pruebas de bal\u00edstica, que los disparos habr\u00edan sido desde el exterior y aparentemente realizado por terceros, que gatilla de ambos lados del Fiat Cronos, asestando dos de estos proyectiles, en el cr\u00e1neo de <strong>H\u00e9ctor Ra\u00fal Figueroa de 40 a\u00f1os<\/strong>, quit\u00e1ndole la vida en el acto<\/p>\n\n\n\n<p>Tambi\u00e9n la versi\u00f3n del robo, fue descartada, dado que junto a la v\u00edctima, encontraron sus pertenencias, billetera, celular y hasta un bolso<\/p>\n\n\n\n<p>Y por decisi\u00f3n gremial, llamaron a un cese de la actividad hasta las 6, que se reunir\u00e1n en asamblea<\/p>\n\n\n\n<p>En el lugar personal del <strong>Gabinete Criminal\u00edstico de la PDI, <\/strong>levant\u00f3 13 vainas servidas y lleva adelante diversas pericias, bajo las directivas del <strong>Fiscal Saldutti de la Unidad de Homicidios Dolosos<\/strong><\/p>\n\n\n\n<p><\/p>\n\n\n\n<p class=\"has-text-align-center\"><strong>Se trata del segundo crimen del mes de marzo y el caso 26 en lo que va del a\u00f1o<\/strong><\/p>\n\n\n\n<p><strong>Otro herido<\/strong><\/p>\n\n\n\n<p>Momentos antes de las 19, ingresa trasladado por terceros un joven al <strong>Hospital de Emergencias Clemente \u00c1lvarez (HECA)<\/strong> con una herida de bala en abdomen. Ingres\u00f3 a quir\u00f3fano con una afecci\u00f3n grave en vasos sangu\u00edneos, siendo su estado de salud reservado. De las primeras informaciones se supo que la v\u00edctima, habr\u00eda sido atacado en inmediaciones de <strong>Corrientes al 3100<\/strong> y en la escena hizo el relevamiento la <strong>PDI<\/strong><\/p>\n\n\n\n<figure class=\"wp-block-image size-large\"><img loading=\"lazy\" decoding=\"async\" width=\"1024\" height=\"576\" src=\"https:\/\/www.rosarioalerta.com.ar\/site\/wp-content\/uploads\/2024\/03\/Corrientes-3100-3-1024x576.jpg\" alt=\"\" class=\"wp-image-15556\" srcset=\"https:\/\/www.rosarioalerta.com.ar\/site\/wp-content\/uploads\/2024\/03\/Corrientes-3100-3-1024x576.jpg 1024w, https:\/\/www.rosarioalerta.com.ar\/site\/wp-content\/uploads\/2024\/03\/Corrientes-3100-3-300x169.jpg 300w, https:\/\/www.rosarioalerta.com.ar\/site\/wp-content\/uploads\/2024\/03\/Corrientes-3100-3-768x432.jpg 768w, https:\/\/www.rosarioalerta.com.ar\/site\/wp-content\/uploads\/2024\/03\/Corrientes-3100-3-1536x864.jpg 1536w, https:\/\/www.rosarioalerta.com.ar\/site\/wp-content\/uploads\/2024\/03\/Corrientes-3100-3-696x392.jpg 696w, https:\/\/www.rosarioalerta.com.ar\/site\/wp-content\/uploads\/2024\/03\/Corrientes-3100-3-1068x601.jpg 1068w, https:\/\/www.rosarioalerta.com.ar\/site\/wp-content\/uploads\/2024\/03\/Corrientes-3100-3-747x420.jpg 747w, https:\/\/www.rosarioalerta.com.ar\/site\/wp-content\/uploads\/2024\/03\/Corrientes-3100-3.jpg 1920w\" sizes=\"auto, (max-width: 1024px) 100vw, 1024px\" \/><\/figure>\n<div class=\"newspaper-x-tags\"><strong>TAGS: <\/strong><span><a href=\"https:\/\/www.rosarioalerta.com.ar\/site\/archivos\/tag\/noticias-de-rosario\" rel=\"tag\">Noticias de Rosario<\/a><\/span><a href=\"https:\/\/www.rosarioalerta.com.ar\/site\/archivos\/tag\/rosario\" rel=\"tag\">Rosario<\/a><\/span><a href=\"https:\/\/www.rosarioalerta.com.ar\/site\/archivos\/tag\/santa-fe\" rel=\"tag\">Santa Fe<\/a> <\/div>","protected":false},"excerpt":{"rendered":"<p>Ocurri\u00f3 en el barrio Tiro Suizo y descartaron la versi\u00f3n del homicidio en ocasi\u00f3n de robo Pasadas las 22 de este martes, el chofer del taxi identificado con el RA 4139, trasladaba a un pasajero, hasta Lamadrid y Flamari\u00f3n y recibe un disparo en el cr\u00e1neo que le quita la vida. De las primeras informaciones, [&hellip;]<\/p>\n","protected":false},"author":2,"featured_media":15562,"comment_status":"open","ping_status":"open","sticky":false,"template":"","format":"standard","meta":{"_joinchat":[],"footnotes":""},"categories":[17,6,21,14],"tags":[95,55,65],"class_list":["post-15554","post","type-post","status-publish","format-standard","has-post-thumbnail","hentry","category-heridos","category-homicidios","category-noticias","category-policiales","tag-noticias-de-rosario","tag-rosario","tag-santa-fe"],"_links":{"self":[{"href":"https:\/\/www.rosarioalerta.com.ar\/site\/wp-json\/wp\/v2\/posts\/15554","targetHints":{"allow":["GET"]}}],"collection":[{"href":"https:\/\/www.rosarioalerta.com.ar\/site\/wp-json\/wp\/v2\/posts"}],"about":[{"href":"https:\/\/www.rosarioalerta.com.ar\/site\/wp-json\/wp\/v2\/types\/post"}],"author":[{"embeddable":true,"href":"https:\/\/www.rosarioalerta.com.ar\/site\/wp-json\/wp\/v2\/users\/2"}],"replies":[{"embeddable":true,"href":"https:\/\/www.rosarioalerta.com.ar\/site\/wp-json\/wp\/v2\/comments?post=15554"}],"version-history":[{"count":5,"href":"https:\/\/www.rosarioalerta.com.ar\/site\/wp-json\/wp\/v2\/posts\/15554\/revisions"}],"predecessor-version":[{"id":15564,"href":"https:\/\/www.rosarioalerta.com.ar\/site\/wp-json\/wp\/v2\/posts\/15554\/revisions\/15564"}],"wp:featuredmedia":[{"embeddable":true,"href":"https:\/\/www.rosarioalerta.com.ar\/site\/wp-json\/wp\/v2\/media\/15562"}],"wp:attachment":[{"href":"https:\/\/www.rosarioalerta.com.ar\/site\/wp-json\/wp\/v2\/media?parent=15554"}],"wp:term":[{"taxonomy":"category","embeddable":true,"href":"https:\/\/www.rosarioalerta.com.ar\/site\/wp-json\/wp\/v2\/categories?post=15554"},{"taxonomy":"post_tag","embeddable":true,"href":"https:\/\/www.rosarioalerta.com.ar\/site\/wp-json\/wp\/v2\/tags?post=15554"}],"curies":[{"name":"wp","href":"https:\/\/api.w.org\/{rel}","templated":true}]}}