{"id":15523,"date":"2024-03-04T18:20:50","date_gmt":"2024-03-04T21:20:50","guid":{"rendered":"https:\/\/www.rosarioalerta.com.ar\/site\/?p=15523"},"modified":"2024-03-04T18:25:59","modified_gmt":"2024-03-04T21:25:59","slug":"asesinaron-a-una-joven-de-18-anos","status":"publish","type":"post","link":"https:\/\/www.rosarioalerta.com.ar\/site\/archivos\/15523","title":{"rendered":"Asesinaron a una joven de 18 a\u00f1os"},"content":{"rendered":"\n<p><\/p>\n\n\n\n<p>Fue esta tarde en la zona oeste de Rosario<\/p>\n\n\n\n<p>Pasadas las 17, un hecho de abuso de armas se registr\u00f3 en inmediaciones de <strong>Forest al 7500<\/strong>, donde un sujeto pas\u00f3 en bicicleta y efectu\u00f3 varios disparos. Uno de estos, dio contra <strong>Sharon Almada de 18 a\u00f1os<\/strong>, quien fue asistida por el <strong>SIES<\/strong> y le diagnostic\u00f3 el deceso, producto de un disparo en el cr\u00e1neo<\/p>\n\n\n\n<p>Personal del <strong>Gabinete Criminal\u00edstico<\/strong> trabaja en la escena en procura de testigos y c\u00e1maras en la zona para dar con el agresor<\/p>\n\n\n\n<p><strong>Se trata del primer crimen en el mes de marzo en el departamento Rosario y el caso 25 desde el inicio de este 2024<\/strong><\/p>\n<div class=\"newspaper-x-tags\"><strong>TAGS: <\/strong><span><a href=\"https:\/\/www.rosarioalerta.com.ar\/site\/archivos\/tag\/noticias-de-rosario\" rel=\"tag\">Noticias de Rosario<\/a><\/span><a href=\"https:\/\/www.rosarioalerta.com.ar\/site\/archivos\/tag\/rosario\" rel=\"tag\">Rosario<\/a><\/span><a href=\"https:\/\/www.rosarioalerta.com.ar\/site\/archivos\/tag\/santa-fe\" rel=\"tag\">Santa Fe<\/a> <\/div>","protected":false},"excerpt":{"rendered":"<p>Fue esta tarde en la zona oeste de Rosario Pasadas las 17, un hecho de abuso de armas se registr\u00f3 en inmediaciones de Forest al 7500, donde un sujeto pas\u00f3 en bicicleta y efectu\u00f3 varios disparos. Uno de estos, dio contra Sharon Almada de 18 a\u00f1os, quien fue asistida por el SIES y le diagnostic\u00f3 [&hellip;]<\/p>\n","protected":false},"author":2,"featured_media":15524,"comment_status":"open","ping_status":"open","sticky":false,"template":"","format":"standard","meta":{"_joinchat":[],"footnotes":""},"categories":[15,17,6,21,14],"tags":[95,55,65],"class_list":["post-15523","post","type-post","status-publish","format-standard","has-post-thumbnail","hentry","category-balaceras","category-heridos","category-homicidios","category-noticias","category-policiales","tag-noticias-de-rosario","tag-rosario","tag-santa-fe"],"_links":{"self":[{"href":"https:\/\/www.rosarioalerta.com.ar\/site\/wp-json\/wp\/v2\/posts\/15523","targetHints":{"allow":["GET"]}}],"collection":[{"href":"https:\/\/www.rosarioalerta.com.ar\/site\/wp-json\/wp\/v2\/posts"}],"about":[{"href":"https:\/\/www.rosarioalerta.com.ar\/site\/wp-json\/wp\/v2\/types\/post"}],"author":[{"embeddable":true,"href":"https:\/\/www.rosarioalerta.com.ar\/site\/wp-json\/wp\/v2\/users\/2"}],"replies":[{"embeddable":true,"href":"https:\/\/www.rosarioalerta.com.ar\/site\/wp-json\/wp\/v2\/comments?post=15523"}],"version-history":[{"count":2,"href":"https:\/\/www.rosarioalerta.com.ar\/site\/wp-json\/wp\/v2\/posts\/15523\/revisions"}],"predecessor-version":[{"id":15526,"href":"https:\/\/www.rosarioalerta.com.ar\/site\/wp-json\/wp\/v2\/posts\/15523\/revisions\/15526"}],"wp:featuredmedia":[{"embeddable":true,"href":"https:\/\/www.rosarioalerta.com.ar\/site\/wp-json\/wp\/v2\/media\/15524"}],"wp:attachment":[{"href":"https:\/\/www.rosarioalerta.com.ar\/site\/wp-json\/wp\/v2\/media?parent=15523"}],"wp:term":[{"taxonomy":"category","embeddable":true,"href":"https:\/\/www.rosarioalerta.com.ar\/site\/wp-json\/wp\/v2\/categories?post=15523"},{"taxonomy":"post_tag","embeddable":true,"href":"https:\/\/www.rosarioalerta.com.ar\/site\/wp-json\/wp\/v2\/tags?post=15523"}],"curies":[{"name":"wp","href":"https:\/\/api.w.org\/{rel}","templated":true}]}}