{"id":15514,"date":"2024-03-04T17:53:49","date_gmt":"2024-03-04T20:53:49","guid":{"rendered":"https:\/\/www.rosarioalerta.com.ar\/site\/?p=15514"},"modified":"2024-03-04T17:53:50","modified_gmt":"2024-03-04T20:53:50","slug":"capacitaron-en-proteccion-de-la-fauna","status":"publish","type":"post","link":"https:\/\/www.rosarioalerta.com.ar\/site\/archivos\/15514","title":{"rendered":"Capacitaron en protecci\u00f3n de la fauna"},"content":{"rendered":"\n<p><\/p>\n\n\n\n<p>Durante la jornada dotaron a la polic\u00eda con herramientas y t\u00e9cnicas de rescates<\/p>\n\n\n\n<p>Los ministros de <strong>Ambiente y Cambio Clim\u00e1tico, Enrique Est\u00e9vez<\/strong>, y de <strong>Justicia y Seguridad<\/strong>, <strong>Pablo Cococcioni<\/strong>, encabezaron este lunes en Santa Fe una jornada de capacitaci\u00f3n en fauna para las fuerzas de seguridad, con el objetivo de dotar de herramientas te\u00f3ricas y pr\u00e1cticas destinadas a la retenci\u00f3n y traslado de animales que aparecen en espacios urbanos.<\/p>\n\n\n\n<p>En la actividad que se desarroll\u00f3 en la Granja La Esmeralda, Est\u00e9vez dijo que &#8220;es un curso de capacitaci\u00f3n que va a dar la Direcci\u00f3n de Fauna de nuestro Ministerio de Ambiente, a la <strong>Brigada de Rescate Animal de Polic\u00eda Ecol\u00f3gica<\/strong>, a 24 agentes, que es una divisi\u00f3n que se contacta a trav\u00e9s de 911 y que se requiere cuando hay accidentes dom\u00e9sticos como cuando se pierde un gato y est\u00e1 arriba un \u00e1rbol, pero tambi\u00e9n frente a la aparici\u00f3n de fauna silvestre\u201d.<\/p>\n\n\n\n<p>En ese sentido, record\u00f3 que con la crecida de los r\u00edos \u201chan aparecido distintos animales que uno com\u00fanmente no ve: v\u00edboras, iguanas, ciervos en algunos centros urbanos que tambi\u00e9n llaman la atenci\u00f3n, en algunos casos son especies ex\u00f3ticas y en otros no, pero lo importante es que hay una fuerza como la Polic\u00eda Ecol\u00f3gica, dependiente del Ministerio de Justicia y Seguridad, que tiene que tener los elementos para poder afrontar este tipo de de situaciones\u201d.<\/p>\n\n\n\n<p>Finalmente, el director de Manejo de Fauna de la provincia, Pablo Siroski, apunt\u00f3 que \u201cpermanentemente est\u00e1n apareciendo nuevos desaf\u00edos y la intenci\u00f3n es que entre todos podamos abordarlo para poder solucionarlos, y que esto fluya de manera coherente para todos\u201d. Asimismo, reconoci\u00f3 \u201cla enorme colaboraci\u00f3n que siempre presta la Polic\u00eda Ecol\u00f3gica. Ellos cuentan con un mont\u00f3n de conocimientos por cursos que hemos brindado en otras oportunidades y que intentamos reforzar permanentemente\u201d, concluy\u00f3.<\/p>\n<div class=\"newspaper-x-tags\"><strong>TAGS: <\/strong><span><a href=\"https:\/\/www.rosarioalerta.com.ar\/site\/archivos\/tag\/noticias-de-rosario\" rel=\"tag\">Noticias de Rosario<\/a><\/span><a href=\"https:\/\/www.rosarioalerta.com.ar\/site\/archivos\/tag\/rosario\" rel=\"tag\">Rosario<\/a><\/span><a href=\"https:\/\/www.rosarioalerta.com.ar\/site\/archivos\/tag\/santa-fe\" rel=\"tag\">Santa Fe<\/a> <\/div>","protected":false},"excerpt":{"rendered":"<p>Durante la jornada dotaron a la polic\u00eda con herramientas y t\u00e9cnicas de rescates Los ministros de Ambiente y Cambio Clim\u00e1tico, Enrique Est\u00e9vez, y de Justicia y Seguridad, Pablo Cococcioni, encabezaron este lunes en Santa Fe una jornada de capacitaci\u00f3n en fauna para las fuerzas de seguridad, con el objetivo de dotar de herramientas te\u00f3ricas y [&hellip;]<\/p>\n","protected":false},"author":2,"featured_media":15515,"comment_status":"open","ping_status":"open","sticky":false,"template":"","format":"standard","meta":{"_joinchat":[],"footnotes":""},"categories":[18,21,14,8],"tags":[95,55,65],"class_list":["post-15514","post","type-post","status-publish","format-standard","has-post-thumbnail","hentry","category-institucional","category-noticias","category-policiales","category-proteccion-de-animales","tag-noticias-de-rosario","tag-rosario","tag-santa-fe"],"_links":{"self":[{"href":"https:\/\/www.rosarioalerta.com.ar\/site\/wp-json\/wp\/v2\/posts\/15514","targetHints":{"allow":["GET"]}}],"collection":[{"href":"https:\/\/www.rosarioalerta.com.ar\/site\/wp-json\/wp\/v2\/posts"}],"about":[{"href":"https:\/\/www.rosarioalerta.com.ar\/site\/wp-json\/wp\/v2\/types\/post"}],"author":[{"embeddable":true,"href":"https:\/\/www.rosarioalerta.com.ar\/site\/wp-json\/wp\/v2\/users\/2"}],"replies":[{"embeddable":true,"href":"https:\/\/www.rosarioalerta.com.ar\/site\/wp-json\/wp\/v2\/comments?post=15514"}],"version-history":[{"count":1,"href":"https:\/\/www.rosarioalerta.com.ar\/site\/wp-json\/wp\/v2\/posts\/15514\/revisions"}],"predecessor-version":[{"id":15516,"href":"https:\/\/www.rosarioalerta.com.ar\/site\/wp-json\/wp\/v2\/posts\/15514\/revisions\/15516"}],"wp:featuredmedia":[{"embeddable":true,"href":"https:\/\/www.rosarioalerta.com.ar\/site\/wp-json\/wp\/v2\/media\/15515"}],"wp:attachment":[{"href":"https:\/\/www.rosarioalerta.com.ar\/site\/wp-json\/wp\/v2\/media?parent=15514"}],"wp:term":[{"taxonomy":"category","embeddable":true,"href":"https:\/\/www.rosarioalerta.com.ar\/site\/wp-json\/wp\/v2\/categories?post=15514"},{"taxonomy":"post_tag","embeddable":true,"href":"https:\/\/www.rosarioalerta.com.ar\/site\/wp-json\/wp\/v2\/tags?post=15514"}],"curies":[{"name":"wp","href":"https:\/\/api.w.org\/{rel}","templated":true}]}}