{"id":15498,"date":"2024-03-04T07:38:37","date_gmt":"2024-03-04T10:38:37","guid":{"rendered":"https:\/\/www.rosarioalerta.com.ar\/site\/?p=15498"},"modified":"2024-03-04T07:38:39","modified_gmt":"2024-03-04T10:38:39","slug":"se-dio-el-alta-voluntaria-uno-de-los-heridos-en-la-fiesta-de-andino","status":"publish","type":"post","link":"https:\/\/www.rosarioalerta.com.ar\/site\/archivos\/15498","title":{"rendered":"Se dio el alta voluntaria uno de los heridos en la fiesta de Andino"},"content":{"rendered":"\n<p><\/p>\n\n\n\n<p>Si bien, puede realizar esta acci\u00f3n, tiene que prestar testimonio a los investigadores, para dilucidar lo acaecido<\/p>\n\n\n\n<p>Tras la balacera que tuvo lugar en la localidad de <strong>Andino<\/strong>, en una casa de alquiler, donde festejaban un cumplea\u00f1os y como saldo ultimaron a; <strong>Daniel Gonzalo Barrientos de 24 a\u00f1os,<\/strong> quien contaba con antecedentes penales, por delitos contra la propiedad y abusos de armas, adem\u00e1s de estar ligado a banda narcocriminal <strong>Los Monos<\/strong> y poseer un pedido de captura activo. En la misma balacera resultaron heridos; <strong>Franco A de 21 a\u00f1os<\/strong>, quien ten\u00eda un disparo en la pierna, pero ayer se dio el alta voluntaria, huyendo del <strong>Hospital Granaderos a Caballos de San Lorenzo<\/strong>, en el mismo nosocomio, tambi\u00e9n est\u00e1 internado; <strong>Franco O de 29 a\u00f1os<\/strong>, quien est\u00e1 fuera de peligro, pero en observaci\u00f3n. Sobre el primero, se espera que colabore con la investigaci\u00f3n, dado que es uno de los testigos principales, en la balacera y crimen, donde aparentemente dos gatilleros llegaron a la fiesta encapuchados y armados<\/p>\n\n\n\n<p>En tanto, las otras tres personas, recibieron asistencia m\u00e9dica en el <strong>Hospital<\/strong> <strong>Eva Per\u00f3n de Granadero Baigorria<\/strong>, siendo que <strong>Federico S de 19 a\u00f1os, <\/strong>quien presentaba una herida en extremidad inferior, recuper\u00f3 el alta m\u00e9dica. En tanto <strong>Aldana K de 26 a\u00f1os<\/strong>, contin\u00faa en observaci\u00f3n y <strong>Ludmila M de 23<\/strong>, se encuentra en grave estado con respiraci\u00f3n mec\u00e1nica asistida<\/p>\n<div class=\"newspaper-x-tags\"><strong>TAGS: <\/strong><span><a href=\"https:\/\/www.rosarioalerta.com.ar\/site\/archivos\/tag\/andino\" rel=\"tag\">Andino<\/a><\/span><a href=\"https:\/\/www.rosarioalerta.com.ar\/site\/archivos\/tag\/noticias-de-andino\" rel=\"tag\">Noticias de Andino<\/a><\/span><a href=\"https:\/\/www.rosarioalerta.com.ar\/site\/archivos\/tag\/noticias-de-rosario\" rel=\"tag\">Noticias de Rosario<\/a><\/span><a href=\"https:\/\/www.rosarioalerta.com.ar\/site\/archivos\/tag\/noticias-de-san-lorenzo\" rel=\"tag\">Noticias de San Lorenzo<\/a><\/span><a href=\"https:\/\/www.rosarioalerta.com.ar\/site\/archivos\/tag\/rosario\" rel=\"tag\">Rosario<\/a><\/span><a href=\"https:\/\/www.rosarioalerta.com.ar\/site\/archivos\/tag\/san-lorenzo\" rel=\"tag\">San Lorenzo<\/a><\/span><a href=\"https:\/\/www.rosarioalerta.com.ar\/site\/archivos\/tag\/santa-fe\" rel=\"tag\">Santa Fe<\/a> <\/div>","protected":false},"excerpt":{"rendered":"<p>Si bien, puede realizar esta acci\u00f3n, tiene que prestar testimonio a los investigadores, para dilucidar lo acaecido Tras la balacera que tuvo lugar en la localidad de Andino, en una casa de alquiler, donde festejaban un cumplea\u00f1os y como saldo ultimaron a; Daniel Gonzalo Barrientos de 24 a\u00f1os, quien contaba con antecedentes penales, por delitos [&hellip;]<\/p>\n","protected":false},"author":2,"featured_media":15499,"comment_status":"open","ping_status":"open","sticky":false,"template":"","format":"standard","meta":{"_joinchat":[],"footnotes":""},"categories":[15,17,21,14],"tags":[386,387,95,238,55,168,65],"class_list":["post-15498","post","type-post","status-publish","format-standard","has-post-thumbnail","hentry","category-balaceras","category-heridos","category-noticias","category-policiales","tag-andino","tag-noticias-de-andino","tag-noticias-de-rosario","tag-noticias-de-san-lorenzo","tag-rosario","tag-san-lorenzo","tag-santa-fe"],"_links":{"self":[{"href":"https:\/\/www.rosarioalerta.com.ar\/site\/wp-json\/wp\/v2\/posts\/15498","targetHints":{"allow":["GET"]}}],"collection":[{"href":"https:\/\/www.rosarioalerta.com.ar\/site\/wp-json\/wp\/v2\/posts"}],"about":[{"href":"https:\/\/www.rosarioalerta.com.ar\/site\/wp-json\/wp\/v2\/types\/post"}],"author":[{"embeddable":true,"href":"https:\/\/www.rosarioalerta.com.ar\/site\/wp-json\/wp\/v2\/users\/2"}],"replies":[{"embeddable":true,"href":"https:\/\/www.rosarioalerta.com.ar\/site\/wp-json\/wp\/v2\/comments?post=15498"}],"version-history":[{"count":1,"href":"https:\/\/www.rosarioalerta.com.ar\/site\/wp-json\/wp\/v2\/posts\/15498\/revisions"}],"predecessor-version":[{"id":15500,"href":"https:\/\/www.rosarioalerta.com.ar\/site\/wp-json\/wp\/v2\/posts\/15498\/revisions\/15500"}],"wp:featuredmedia":[{"embeddable":true,"href":"https:\/\/www.rosarioalerta.com.ar\/site\/wp-json\/wp\/v2\/media\/15499"}],"wp:attachment":[{"href":"https:\/\/www.rosarioalerta.com.ar\/site\/wp-json\/wp\/v2\/media?parent=15498"}],"wp:term":[{"taxonomy":"category","embeddable":true,"href":"https:\/\/www.rosarioalerta.com.ar\/site\/wp-json\/wp\/v2\/categories?post=15498"},{"taxonomy":"post_tag","embeddable":true,"href":"https:\/\/www.rosarioalerta.com.ar\/site\/wp-json\/wp\/v2\/tags?post=15498"}],"curies":[{"name":"wp","href":"https:\/\/api.w.org\/{rel}","templated":true}]}}