{"id":15469,"date":"2024-03-02T11:55:11","date_gmt":"2024-03-02T14:55:11","guid":{"rendered":"https:\/\/www.rosarioalerta.com.ar\/site\/?p=15469"},"modified":"2024-03-02T11:55:13","modified_gmt":"2024-03-02T14:55:13","slug":"murio-el-trapito-que-resulto-golpeado-en-pichincha","status":"publish","type":"post","link":"https:\/\/www.rosarioalerta.com.ar\/site\/archivos\/15469","title":{"rendered":"Muri\u00f3 el trapito que result\u00f3 golpeado en Pichincha"},"content":{"rendered":"\n<p><\/p>\n\n\n\n<p>El pasado fin de semana protagoniz\u00f3 una gresca y estuvo internado con politraumatismos de cr\u00e1neo<\/p>\n\n\n\n<p>Una pelea por la tarifa o por el territorio tuvo lugar el pasado fin de semana en cercan\u00edas de <strong>Oro\u00f1o y Brown<\/strong>, donde un cuidacoches fue agredido a piedrazos por sujetos no identificados hasta el momento.<\/p>\n\n\n\n<p>El joven identificado como; <strong>Mat\u00edas Ezequiel Abraham<\/strong>, quien contaba con antecedentes penales, por delitos contra la propiedad desde el 2018 y actualmente se desempa\u00f1aba como \u201ctrapito\u201d en la zona de <strong>Pichincha<\/strong>. Fue trasladado aquella noche, hasta el <strong>Hospital de Emergencias Clemente \u00c1lvarez (HECA) <\/strong>con traumatismos severos de cr\u00e1neo y en la noche de este viernes, falleci\u00f3<\/p>\n<div class=\"newspaper-x-tags\"><strong>TAGS: <\/strong><span><a href=\"https:\/\/www.rosarioalerta.com.ar\/site\/archivos\/tag\/noticias-de-rosario\" rel=\"tag\">Noticias de Rosario<\/a><\/span><a href=\"https:\/\/www.rosarioalerta.com.ar\/site\/archivos\/tag\/rosario\" rel=\"tag\">Rosario<\/a><\/span><a href=\"https:\/\/www.rosarioalerta.com.ar\/site\/archivos\/tag\/santa-fe\" rel=\"tag\">Santa Fe<\/a> <\/div>","protected":false},"excerpt":{"rendered":"<p>El pasado fin de semana protagoniz\u00f3 una gresca y estuvo internado con politraumatismos de cr\u00e1neo Una pelea por la tarifa o por el territorio tuvo lugar el pasado fin de semana en cercan\u00edas de Oro\u00f1o y Brown, donde un cuidacoches fue agredido a piedrazos por sujetos no identificados hasta el momento. El joven identificado como; [&hellip;]<\/p>\n","protected":false},"author":2,"featured_media":15470,"comment_status":"open","ping_status":"open","sticky":false,"template":"","format":"standard","meta":{"_joinchat":[],"footnotes":""},"categories":[17,6,21,14],"tags":[95,55,65],"class_list":["post-15469","post","type-post","status-publish","format-standard","has-post-thumbnail","hentry","category-heridos","category-homicidios","category-noticias","category-policiales","tag-noticias-de-rosario","tag-rosario","tag-santa-fe"],"_links":{"self":[{"href":"https:\/\/www.rosarioalerta.com.ar\/site\/wp-json\/wp\/v2\/posts\/15469","targetHints":{"allow":["GET"]}}],"collection":[{"href":"https:\/\/www.rosarioalerta.com.ar\/site\/wp-json\/wp\/v2\/posts"}],"about":[{"href":"https:\/\/www.rosarioalerta.com.ar\/site\/wp-json\/wp\/v2\/types\/post"}],"author":[{"embeddable":true,"href":"https:\/\/www.rosarioalerta.com.ar\/site\/wp-json\/wp\/v2\/users\/2"}],"replies":[{"embeddable":true,"href":"https:\/\/www.rosarioalerta.com.ar\/site\/wp-json\/wp\/v2\/comments?post=15469"}],"version-history":[{"count":1,"href":"https:\/\/www.rosarioalerta.com.ar\/site\/wp-json\/wp\/v2\/posts\/15469\/revisions"}],"predecessor-version":[{"id":15471,"href":"https:\/\/www.rosarioalerta.com.ar\/site\/wp-json\/wp\/v2\/posts\/15469\/revisions\/15471"}],"wp:featuredmedia":[{"embeddable":true,"href":"https:\/\/www.rosarioalerta.com.ar\/site\/wp-json\/wp\/v2\/media\/15470"}],"wp:attachment":[{"href":"https:\/\/www.rosarioalerta.com.ar\/site\/wp-json\/wp\/v2\/media?parent=15469"}],"wp:term":[{"taxonomy":"category","embeddable":true,"href":"https:\/\/www.rosarioalerta.com.ar\/site\/wp-json\/wp\/v2\/categories?post=15469"},{"taxonomy":"post_tag","embeddable":true,"href":"https:\/\/www.rosarioalerta.com.ar\/site\/wp-json\/wp\/v2\/tags?post=15469"}],"curies":[{"name":"wp","href":"https:\/\/api.w.org\/{rel}","templated":true}]}}