{"id":15466,"date":"2024-03-02T09:40:33","date_gmt":"2024-03-02T12:40:33","guid":{"rendered":"https:\/\/www.rosarioalerta.com.ar\/site\/?p=15466"},"modified":"2024-03-02T09:40:39","modified_gmt":"2024-03-02T12:40:39","slug":"un-joven-murio-en-un-siniestro-vial","status":"publish","type":"post","link":"https:\/\/www.rosarioalerta.com.ar\/site\/archivos\/15466","title":{"rendered":"Un joven muri\u00f3 en un siniestro vial"},"content":{"rendered":"\n<p><\/p>\n\n\n\n<p>Ocurri\u00f3 en las primeras horas de este s\u00e1bado en la zona oeste<\/p>\n\n\n\n<p>Un siniestro vial se registr\u00f3 este s\u00e1bado pasadas las 8, en la esquina de <strong>Bv<\/strong> <strong>Segu\u00ed y Rouill\u00f3n<\/strong>, donde colisionaron una motocicleta y un autom\u00f3vil. El conductor del primer rodado, fue asistido por el <strong>SIES<\/strong>, que constat\u00f3 el deceso del mismo, producto del impacto y de no llevar puesto el casco de seguridad. Adem\u00e1s el rodado se incendi\u00f3 y tuvieron que acudir bomberos al lugar, para sofocarlo, sin que pase a mayores<\/p>\n\n\n\n<p>Tambi\u00e9n hubo otro lesionado producto del impacto, que fue derivado al <strong>Hospital de Emergencias Clemente \u00c1lvarez (HECA) <\/strong>y en la escena trabaj\u00f3 el <strong>Gabinete Criminal\u00edstico de la PDI<\/strong><\/p>\n<div class=\"newspaper-x-tags\"><strong>TAGS: <\/strong><span><a href=\"https:\/\/www.rosarioalerta.com.ar\/site\/archivos\/tag\/noticias-de-rosario\" rel=\"tag\">Noticias de Rosario<\/a><\/span><a href=\"https:\/\/www.rosarioalerta.com.ar\/site\/archivos\/tag\/rosario\" rel=\"tag\">Rosario<\/a><\/span><a href=\"https:\/\/www.rosarioalerta.com.ar\/site\/archivos\/tag\/santa-fe\" rel=\"tag\">Santa Fe<\/a> <\/div>","protected":false},"excerpt":{"rendered":"<p>Ocurri\u00f3 en las primeras horas de este s\u00e1bado en la zona oeste Un siniestro vial se registr\u00f3 este s\u00e1bado pasadas las 8, en la esquina de Bv Segu\u00ed y Rouill\u00f3n, donde colisionaron una motocicleta y un autom\u00f3vil. El conductor del primer rodado, fue asistido por el SIES, que constat\u00f3 el deceso del mismo, producto del [&hellip;]<\/p>\n","protected":false},"author":2,"featured_media":15467,"comment_status":"open","ping_status":"open","sticky":false,"template":"","format":"standard","meta":{"_joinchat":[],"footnotes":""},"categories":[17,6,21,14,10],"tags":[95,55,65],"class_list":["post-15466","post","type-post","status-publish","format-standard","has-post-thumbnail","hentry","category-heridos","category-homicidios","category-noticias","category-policiales","category-siniestros-viales","tag-noticias-de-rosario","tag-rosario","tag-santa-fe"],"_links":{"self":[{"href":"https:\/\/www.rosarioalerta.com.ar\/site\/wp-json\/wp\/v2\/posts\/15466","targetHints":{"allow":["GET"]}}],"collection":[{"href":"https:\/\/www.rosarioalerta.com.ar\/site\/wp-json\/wp\/v2\/posts"}],"about":[{"href":"https:\/\/www.rosarioalerta.com.ar\/site\/wp-json\/wp\/v2\/types\/post"}],"author":[{"embeddable":true,"href":"https:\/\/www.rosarioalerta.com.ar\/site\/wp-json\/wp\/v2\/users\/2"}],"replies":[{"embeddable":true,"href":"https:\/\/www.rosarioalerta.com.ar\/site\/wp-json\/wp\/v2\/comments?post=15466"}],"version-history":[{"count":1,"href":"https:\/\/www.rosarioalerta.com.ar\/site\/wp-json\/wp\/v2\/posts\/15466\/revisions"}],"predecessor-version":[{"id":15468,"href":"https:\/\/www.rosarioalerta.com.ar\/site\/wp-json\/wp\/v2\/posts\/15466\/revisions\/15468"}],"wp:featuredmedia":[{"embeddable":true,"href":"https:\/\/www.rosarioalerta.com.ar\/site\/wp-json\/wp\/v2\/media\/15467"}],"wp:attachment":[{"href":"https:\/\/www.rosarioalerta.com.ar\/site\/wp-json\/wp\/v2\/media?parent=15466"}],"wp:term":[{"taxonomy":"category","embeddable":true,"href":"https:\/\/www.rosarioalerta.com.ar\/site\/wp-json\/wp\/v2\/categories?post=15466"},{"taxonomy":"post_tag","embeddable":true,"href":"https:\/\/www.rosarioalerta.com.ar\/site\/wp-json\/wp\/v2\/tags?post=15466"}],"curies":[{"name":"wp","href":"https:\/\/api.w.org\/{rel}","templated":true}]}}