{"id":15309,"date":"2024-02-23T18:29:47","date_gmt":"2024-02-23T21:29:47","guid":{"rendered":"https:\/\/www.rosarioalerta.com.ar\/site\/?p=15309"},"modified":"2024-02-23T18:29:50","modified_gmt":"2024-02-23T21:29:50","slug":"imputaron-a-las-personas-detenidas-por-el-hallazgo-de-la-criatura-en-el-contenedor","status":"publish","type":"post","link":"https:\/\/www.rosarioalerta.com.ar\/site\/archivos\/15309","title":{"rendered":"Imputaron a las personas detenidas por el hallazgo de la criatura en el contenedor"},"content":{"rendered":"\n<p><\/p>\n\n\n\n<p>La madre, fue derivada a una instituci\u00f3n psiqui\u00e1trica y la pareja de esta qued\u00f3 en libertad<\/p>\n\n\n\n<p>Este viernes se llev\u00f3 adelante la imputaci\u00f3n contra la joven de 18 a\u00f1os, que se hab\u00eda entregado denunciando el robo de su criatura de 4 meses, la cual el d\u00eda anterior hab\u00eda sido hallada sin vida, envuelta en una frazada dentro de un contenedor de residuos en <strong>San Juan al 400<\/strong>. Tras los primeros datos recabados de la imputaci\u00f3n, pudieron establecer que se trataba de la madre de la menor fallecida y que esta presenta un estado dudoso en cuanto a la comprensi\u00f3n del acto de imputaci\u00f3n de cargos. Por ello el <strong>Juez de Primera Instancia Fern\u00e1ndez Bussy<\/strong> resolvi\u00f3 suspender la imputaci\u00f3n debido a que en principio no comprender\u00eda los actos que se llevan adelante en la misma y dispuso su internaci\u00f3n en el <strong>Hospital Dr. Agudo \u00c1vila<\/strong> para recibir la atenci\u00f3n adecuada<\/p>\n\n\n\n<p>En relaci\u00f3n al sindicado como pareja de esta, de 23 a\u00f1os, quien se encontraba detenido en el marco de la misma investigaci\u00f3n no, fue imputado, dado que no surgieron elementos concretos para ello. Tras acuerdo de las partes, el Juez orden\u00f3 su libertad debiendo fijar residencia y bajo persona responsable.<\/p>\n<div class=\"newspaper-x-tags\"><strong>TAGS: <\/strong><span><a href=\"https:\/\/www.rosarioalerta.com.ar\/site\/archivos\/tag\/noticias-de-rosario\" rel=\"tag\">Noticias de Rosario<\/a><\/span><a href=\"https:\/\/www.rosarioalerta.com.ar\/site\/archivos\/tag\/rosario\" rel=\"tag\">Rosario<\/a><\/span><a href=\"https:\/\/www.rosarioalerta.com.ar\/site\/archivos\/tag\/santa-fe\" rel=\"tag\">Santa Fe<\/a> <\/div>","protected":false},"excerpt":{"rendered":"<p>La madre, fue derivada a una instituci\u00f3n psiqui\u00e1trica y la pareja de esta qued\u00f3 en libertad Este viernes se llev\u00f3 adelante la imputaci\u00f3n contra la joven de 18 a\u00f1os, que se hab\u00eda entregado denunciando el robo de su criatura de 4 meses, la cual el d\u00eda anterior hab\u00eda sido hallada sin vida, envuelta en una [&hellip;]<\/p>\n","protected":false},"author":2,"featured_media":15310,"comment_status":"open","ping_status":"open","sticky":false,"template":"","format":"standard","meta":{"_joinchat":[],"footnotes":""},"categories":[6,13,21,14],"tags":[95,55,65],"class_list":["post-15309","post","type-post","status-publish","format-standard","has-post-thumbnail","hentry","category-homicidios","category-judiciales","category-noticias","category-policiales","tag-noticias-de-rosario","tag-rosario","tag-santa-fe"],"_links":{"self":[{"href":"https:\/\/www.rosarioalerta.com.ar\/site\/wp-json\/wp\/v2\/posts\/15309","targetHints":{"allow":["GET"]}}],"collection":[{"href":"https:\/\/www.rosarioalerta.com.ar\/site\/wp-json\/wp\/v2\/posts"}],"about":[{"href":"https:\/\/www.rosarioalerta.com.ar\/site\/wp-json\/wp\/v2\/types\/post"}],"author":[{"embeddable":true,"href":"https:\/\/www.rosarioalerta.com.ar\/site\/wp-json\/wp\/v2\/users\/2"}],"replies":[{"embeddable":true,"href":"https:\/\/www.rosarioalerta.com.ar\/site\/wp-json\/wp\/v2\/comments?post=15309"}],"version-history":[{"count":1,"href":"https:\/\/www.rosarioalerta.com.ar\/site\/wp-json\/wp\/v2\/posts\/15309\/revisions"}],"predecessor-version":[{"id":15311,"href":"https:\/\/www.rosarioalerta.com.ar\/site\/wp-json\/wp\/v2\/posts\/15309\/revisions\/15311"}],"wp:featuredmedia":[{"embeddable":true,"href":"https:\/\/www.rosarioalerta.com.ar\/site\/wp-json\/wp\/v2\/media\/15310"}],"wp:attachment":[{"href":"https:\/\/www.rosarioalerta.com.ar\/site\/wp-json\/wp\/v2\/media?parent=15309"}],"wp:term":[{"taxonomy":"category","embeddable":true,"href":"https:\/\/www.rosarioalerta.com.ar\/site\/wp-json\/wp\/v2\/categories?post=15309"},{"taxonomy":"post_tag","embeddable":true,"href":"https:\/\/www.rosarioalerta.com.ar\/site\/wp-json\/wp\/v2\/tags?post=15309"}],"curies":[{"name":"wp","href":"https:\/\/api.w.org\/{rel}","templated":true}]}}