{"id":15139,"date":"2024-02-15T22:48:52","date_gmt":"2024-02-16T01:48:52","guid":{"rendered":"https:\/\/www.rosarioalerta.com.ar\/site\/?p=15139"},"modified":"2024-02-15T22:48:53","modified_gmt":"2024-02-16T01:48:53","slug":"otro-joven-con-quemaduras-tras-el-robo-de-cables","status":"publish","type":"post","link":"https:\/\/www.rosarioalerta.com.ar\/site\/archivos\/15139","title":{"rendered":"Otro joven con quemaduras tras el robo de cables"},"content":{"rendered":"\n<p><\/p>\n\n\n\n<p>Presenta lesiones en rostro y extremidades, su estado es delicado<\/p>\n\n\n\n<p>Un nuevo hecho se repite en la ciudad, en donde la v\u00edctima es un joven de 22 a\u00f1os, que termina internado en el <strong>Hospital de Emergencias Clemente \u00c1lvarez (HECA) <\/strong>con quemaduras de gravedad en el rostro y extremidades. Seg\u00fan los primeros trascendidos, pasadas las 17, personal policial acude hasta <strong>Pte Per\u00f3n y Felipe Mor\u00e9<\/strong> donde una persona habr\u00eda sufrido una descarga el\u00e9ctrica. Al llegar los uniformados, lo cargaron en la patrulla y lo trasladaron hasta el nosocomio. De los primeros trascendidos, se pudo saber que el joven de 22 a\u00f1os, se encontraba intentando sustraer cables del tendido el\u00e9ctrico y habr\u00eda sufrido una descarga. Cabe mencionar que desde el efector notificaron, que <strong>Brandon T de 22 a\u00f1os<\/strong>, hab\u00eda sido atendido el pasado s\u00e1bado y se hab\u00eda retirado con el alta voluntaria<\/p>\n\n\n\n<p>Qued\u00f3 internado en el <strong>HECA<\/strong> a la espera de estudios complementarios y las actuaciones recayeron en la <strong>Comisar\u00eda 19\u00ba<\/strong><\/p>\n<div class=\"newspaper-x-tags\"><strong>TAGS: <\/strong><span><a href=\"https:\/\/www.rosarioalerta.com.ar\/site\/archivos\/tag\/noticias-de-rosario\" rel=\"tag\">Noticias de Rosario<\/a><\/span><a href=\"https:\/\/www.rosarioalerta.com.ar\/site\/archivos\/tag\/rosario\" rel=\"tag\">Rosario<\/a><\/span><a href=\"https:\/\/www.rosarioalerta.com.ar\/site\/archivos\/tag\/santa-fe\" rel=\"tag\">Santa Fe<\/a> <\/div>","protected":false},"excerpt":{"rendered":"<p>Presenta lesiones en rostro y extremidades, su estado es delicado Un nuevo hecho se repite en la ciudad, en donde la v\u00edctima es un joven de 22 a\u00f1os, que termina internado en el Hospital de Emergencias Clemente \u00c1lvarez (HECA) con quemaduras de gravedad en el rostro y extremidades. Seg\u00fan los primeros trascendidos, pasadas las 17, [&hellip;]<\/p>\n","protected":false},"author":2,"featured_media":15140,"comment_status":"open","ping_status":"open","sticky":false,"template":"","format":"standard","meta":{"_joinchat":[],"footnotes":""},"categories":[21,14],"tags":[95,55,65],"class_list":["post-15139","post","type-post","status-publish","format-standard","has-post-thumbnail","hentry","category-noticias","category-policiales","tag-noticias-de-rosario","tag-rosario","tag-santa-fe"],"_links":{"self":[{"href":"https:\/\/www.rosarioalerta.com.ar\/site\/wp-json\/wp\/v2\/posts\/15139","targetHints":{"allow":["GET"]}}],"collection":[{"href":"https:\/\/www.rosarioalerta.com.ar\/site\/wp-json\/wp\/v2\/posts"}],"about":[{"href":"https:\/\/www.rosarioalerta.com.ar\/site\/wp-json\/wp\/v2\/types\/post"}],"author":[{"embeddable":true,"href":"https:\/\/www.rosarioalerta.com.ar\/site\/wp-json\/wp\/v2\/users\/2"}],"replies":[{"embeddable":true,"href":"https:\/\/www.rosarioalerta.com.ar\/site\/wp-json\/wp\/v2\/comments?post=15139"}],"version-history":[{"count":1,"href":"https:\/\/www.rosarioalerta.com.ar\/site\/wp-json\/wp\/v2\/posts\/15139\/revisions"}],"predecessor-version":[{"id":15141,"href":"https:\/\/www.rosarioalerta.com.ar\/site\/wp-json\/wp\/v2\/posts\/15139\/revisions\/15141"}],"wp:featuredmedia":[{"embeddable":true,"href":"https:\/\/www.rosarioalerta.com.ar\/site\/wp-json\/wp\/v2\/media\/15140"}],"wp:attachment":[{"href":"https:\/\/www.rosarioalerta.com.ar\/site\/wp-json\/wp\/v2\/media?parent=15139"}],"wp:term":[{"taxonomy":"category","embeddable":true,"href":"https:\/\/www.rosarioalerta.com.ar\/site\/wp-json\/wp\/v2\/categories?post=15139"},{"taxonomy":"post_tag","embeddable":true,"href":"https:\/\/www.rosarioalerta.com.ar\/site\/wp-json\/wp\/v2\/tags?post=15139"}],"curies":[{"name":"wp","href":"https:\/\/api.w.org\/{rel}","templated":true}]}}