{"id":15032,"date":"2024-02-13T22:41:19","date_gmt":"2024-02-14T01:41:19","guid":{"rendered":"https:\/\/www.rosarioalerta.com.ar\/site\/?p=15032"},"modified":"2024-02-13T22:41:57","modified_gmt":"2024-02-14T01:41:57","slug":"doble-crimen-en-tablada","status":"publish","type":"post","link":"https:\/\/www.rosarioalerta.com.ar\/site\/archivos\/15032","title":{"rendered":"Doble crimen en Tablada"},"content":{"rendered":"\n<p><\/p>\n\n\n\n<p>Dos personas fueron ultimadas de varios disparos&nbsp;<\/p>\n\n\n\n<p>Pasadas las 21, varios llamados ingresaron a la <strong>Central de Emergencias del 911<\/strong>, dando cuenta de m\u00faltiples disparos en inmediaciones de <strong>Dr Riva y Necochea<\/strong>. Al llegar la polic\u00eda se encontr\u00f3 con <strong>un taxi<\/strong> de la localidad de <strong>San Lorenzo<\/strong> y dentro del mismo, dos personas acribilladas.<\/p>\n\n\n\n<p>Seg\u00fan las primeras informaciones se tratar\u00edan del ch\u00f3fer y un pasajero, ambos presentar\u00edan m\u00faltiples disparos y a\u00fan no trascendieron las identidades&nbsp;<\/p>\n\n\n\n<p>Trabaja en la escena personal de la <strong>PDI<\/strong><\/p>\n\n\n\n<p class=\"has-text-align-center\"><strong>Con este doble crimen, suman tres los casos que acumula el mes de Febrero y 19 los casos desde el inicio de a\u00f1o<\/strong><\/p>\n<div class=\"newspaper-x-tags\"><strong>TAGS: <\/strong><span><a href=\"https:\/\/www.rosarioalerta.com.ar\/site\/archivos\/tag\/noticias-de-rosario\" rel=\"tag\">Noticias de Rosario<\/a><\/span><a href=\"https:\/\/www.rosarioalerta.com.ar\/site\/archivos\/tag\/rosario\" rel=\"tag\">Rosario<\/a><\/span><a href=\"https:\/\/www.rosarioalerta.com.ar\/site\/archivos\/tag\/santa-fe\" rel=\"tag\">Santa Fe<\/a> <\/div>","protected":false},"excerpt":{"rendered":"<p>Dos personas fueron ultimadas de varios disparos&nbsp; Pasadas las 21, varios llamados ingresaron a la Central de Emergencias del 911, dando cuenta de m\u00faltiples disparos en inmediaciones de Dr Riva y Necochea. Al llegar la polic\u00eda se encontr\u00f3 con un taxi de la localidad de San Lorenzo y dentro del mismo, dos personas acribilladas. Seg\u00fan [&hellip;]<\/p>\n","protected":false},"author":2,"featured_media":15033,"comment_status":"open","ping_status":"open","sticky":false,"template":"","format":"standard","meta":{"_joinchat":[],"footnotes":""},"categories":[15,17,6,21,14],"tags":[95,55,65],"class_list":["post-15032","post","type-post","status-publish","format-standard","has-post-thumbnail","hentry","category-balaceras","category-heridos","category-homicidios","category-noticias","category-policiales","tag-noticias-de-rosario","tag-rosario","tag-santa-fe"],"_links":{"self":[{"href":"https:\/\/www.rosarioalerta.com.ar\/site\/wp-json\/wp\/v2\/posts\/15032","targetHints":{"allow":["GET"]}}],"collection":[{"href":"https:\/\/www.rosarioalerta.com.ar\/site\/wp-json\/wp\/v2\/posts"}],"about":[{"href":"https:\/\/www.rosarioalerta.com.ar\/site\/wp-json\/wp\/v2\/types\/post"}],"author":[{"embeddable":true,"href":"https:\/\/www.rosarioalerta.com.ar\/site\/wp-json\/wp\/v2\/users\/2"}],"replies":[{"embeddable":true,"href":"https:\/\/www.rosarioalerta.com.ar\/site\/wp-json\/wp\/v2\/comments?post=15032"}],"version-history":[{"count":2,"href":"https:\/\/www.rosarioalerta.com.ar\/site\/wp-json\/wp\/v2\/posts\/15032\/revisions"}],"predecessor-version":[{"id":15035,"href":"https:\/\/www.rosarioalerta.com.ar\/site\/wp-json\/wp\/v2\/posts\/15032\/revisions\/15035"}],"wp:featuredmedia":[{"embeddable":true,"href":"https:\/\/www.rosarioalerta.com.ar\/site\/wp-json\/wp\/v2\/media\/15033"}],"wp:attachment":[{"href":"https:\/\/www.rosarioalerta.com.ar\/site\/wp-json\/wp\/v2\/media?parent=15032"}],"wp:term":[{"taxonomy":"category","embeddable":true,"href":"https:\/\/www.rosarioalerta.com.ar\/site\/wp-json\/wp\/v2\/categories?post=15032"},{"taxonomy":"post_tag","embeddable":true,"href":"https:\/\/www.rosarioalerta.com.ar\/site\/wp-json\/wp\/v2\/tags?post=15032"}],"curies":[{"name":"wp","href":"https:\/\/api.w.org\/{rel}","templated":true}]}}