{"id":14902,"date":"2024-02-08T07:20:45","date_gmt":"2024-02-08T10:20:45","guid":{"rendered":"https:\/\/www.rosarioalerta.com.ar\/site\/?p=14902"},"modified":"2024-02-08T07:20:47","modified_gmt":"2024-02-08T10:20:47","slug":"quedo-detenido-el-autor-del-crimen-en-echesortu","status":"publish","type":"post","link":"https:\/\/www.rosarioalerta.com.ar\/site\/archivos\/14902","title":{"rendered":"Qued\u00f3 detenido el autor del crimen en Echesortu"},"content":{"rendered":"\n<p><\/p>\n\n\n\n<p>Le dictaron la prisi\u00f3n preventiva por el plazo de ley y ahora no quedar\u00e1 internado en Oliveros<\/p>\n\n\n\n<p>La Fiscal\u00eda le atribuy\u00f3 a <strong>V\u00edctor Hugo Almaraz de 26 a\u00f1os<\/strong>, los delitos de homicidio en ocasi\u00f3n de robo y lesiones leves en calidad de autor, hurto agravado por tratarse de un veh\u00edculo dejado en la v\u00eda p\u00fablica, con intimidaci\u00f3n p\u00fablica agravada por el uso de arma de fuego. Es por el caso del pasado s\u00e1bado cuando en horas de la tarde, fue asaltado <strong>Miguel Rafael Majlin de 84 a\u00f1os<\/strong>, cuando intent\u00f3 ingresar a su Ford EcoSport que se encontraba estacionada sobre <strong>R\u00edo de Janeiro en cercan\u00edas a la intersecci\u00f3n con calle Mendoza,<\/strong> mientras ya se encontraba dentro del rodado la esposa de la v\u00edctima de 81 a\u00f1os; en esas circunstancias se present\u00f3 sorpresivamente frente a la v\u00edctima el imputado quien forceje\u00f3 con la mismas, efectu\u00e1ndole distintos tipos de golpes, logrando subir al rodado del lado del conductor, dejando debajo del veh\u00edculo a <strong>Majlin<\/strong>. <strong>Almaraz<\/strong>, arranc\u00f3 el rodado arrastrando a la v\u00edctima haci\u00e9ndolo caer pesadamente al suelo, golpeando su cabeza contra el asfalto. El rodado conducido por el imputado continu\u00f3 por calle <strong>R\u00edo de Janeiro<\/strong>, atraves\u00f3 calle <strong>Mendoza<\/strong>, y antes de llegar a la intersecci\u00f3n con <strong>Marcos Paz<\/strong>, detuvo la marcha y empuja hacia la calle a la esposa de la v\u00edctima, para darse finalmente a la fuga. <strong>Miguel Majlin<\/strong> fue trasladado de urgencia al <strong>Hospital de Emergencias Clemente \u00c1lvarez (HECA) <\/strong>donde finalmente falleci\u00f3 en las primeras horas del 4 de Febrero, como consecuencia de un traumatismo cr\u00e1neo encef\u00e1lico grave. La esposa de la v\u00edctima sufri\u00f3 m\u00faltiples excoriaciones y quemaduras en su cuerpo por el arrastre contra el asfalto tras haber sido expulsada del veh\u00edculo.<\/p>\n\n\n\n<p>Tambi\u00e9n le imputaron haber formado parte del plan criminal perpetrado conjuntamente con terceros no identificados a la fecha, tendiente a infundir temor p\u00fablico en la poblaci\u00f3n a trav\u00e9s de la balacera cometida el d\u00eda 20 de enero pasado en horas de la noche contra la base de la <strong>Tropa de Operaciones Especiales<\/strong>, en <strong>Rouill\u00f3n al 1900<\/strong>, el cual se pergeni\u00f3 un d\u00eda antes, con el robo de un autom\u00f3vil en <strong>Marcos Paz y Sucre<\/strong> con el cual se desplazaron para cometer el hecho mencionado<\/p>\n\n\n\n<p>Cuatro d\u00edas m\u00e1s tarde en horas de la madrugada el rodado es hallado incendiado en <strong>Pje Morse al 2100<\/strong>, pero algunos rastros pudieron rescatar los peritos, donde estaban las huellas de <strong>Almaraz<\/strong>. Cabe mencionar que el sujeto se hab\u00eda fugado de la <strong>Cl\u00ednica Psiqui\u00e1trica de Oliveros<\/strong> donde cumpl\u00eda con una prisi\u00f3n preventiva y logr\u00f3 escaparse, por tal motivo el juez <strong>Florentino Malaponte<\/strong>, dict\u00f3 la prisi\u00f3n preventiva sin plazos, en una c\u00e1rcel com\u00fan &nbsp;<\/p>\n<div class=\"newspaper-x-tags\"><strong>TAGS: <\/strong><span><a href=\"https:\/\/www.rosarioalerta.com.ar\/site\/archivos\/tag\/noticias-de-rosario\" rel=\"tag\">Noticias de Rosario<\/a><\/span><a href=\"https:\/\/www.rosarioalerta.com.ar\/site\/archivos\/tag\/rosario\" rel=\"tag\">Rosario<\/a><\/span><a href=\"https:\/\/www.rosarioalerta.com.ar\/site\/archivos\/tag\/santa-fe\" rel=\"tag\">Santa Fe<\/a> <\/div>","protected":false},"excerpt":{"rendered":"<p>Le dictaron la prisi\u00f3n preventiva por el plazo de ley y ahora no quedar\u00e1 internado en Oliveros La Fiscal\u00eda le atribuy\u00f3 a V\u00edctor Hugo Almaraz de 26 a\u00f1os, los delitos de homicidio en ocasi\u00f3n de robo y lesiones leves en calidad de autor, hurto agravado por tratarse de un veh\u00edculo dejado en la v\u00eda p\u00fablica, [&hellip;]<\/p>\n","protected":false},"author":2,"featured_media":14903,"comment_status":"open","ping_status":"open","sticky":false,"template":"","format":"standard","meta":{"_joinchat":[],"footnotes":""},"categories":[6,13,21,14],"tags":[95,55,65],"class_list":["post-14902","post","type-post","status-publish","format-standard","has-post-thumbnail","hentry","category-homicidios","category-judiciales","category-noticias","category-policiales","tag-noticias-de-rosario","tag-rosario","tag-santa-fe"],"_links":{"self":[{"href":"https:\/\/www.rosarioalerta.com.ar\/site\/wp-json\/wp\/v2\/posts\/14902","targetHints":{"allow":["GET"]}}],"collection":[{"href":"https:\/\/www.rosarioalerta.com.ar\/site\/wp-json\/wp\/v2\/posts"}],"about":[{"href":"https:\/\/www.rosarioalerta.com.ar\/site\/wp-json\/wp\/v2\/types\/post"}],"author":[{"embeddable":true,"href":"https:\/\/www.rosarioalerta.com.ar\/site\/wp-json\/wp\/v2\/users\/2"}],"replies":[{"embeddable":true,"href":"https:\/\/www.rosarioalerta.com.ar\/site\/wp-json\/wp\/v2\/comments?post=14902"}],"version-history":[{"count":1,"href":"https:\/\/www.rosarioalerta.com.ar\/site\/wp-json\/wp\/v2\/posts\/14902\/revisions"}],"predecessor-version":[{"id":14904,"href":"https:\/\/www.rosarioalerta.com.ar\/site\/wp-json\/wp\/v2\/posts\/14902\/revisions\/14904"}],"wp:featuredmedia":[{"embeddable":true,"href":"https:\/\/www.rosarioalerta.com.ar\/site\/wp-json\/wp\/v2\/media\/14903"}],"wp:attachment":[{"href":"https:\/\/www.rosarioalerta.com.ar\/site\/wp-json\/wp\/v2\/media?parent=14902"}],"wp:term":[{"taxonomy":"category","embeddable":true,"href":"https:\/\/www.rosarioalerta.com.ar\/site\/wp-json\/wp\/v2\/categories?post=14902"},{"taxonomy":"post_tag","embeddable":true,"href":"https:\/\/www.rosarioalerta.com.ar\/site\/wp-json\/wp\/v2\/tags?post=14902"}],"curies":[{"name":"wp","href":"https:\/\/api.w.org\/{rel}","templated":true}]}}