{"id":14890,"date":"2024-02-07T16:18:33","date_gmt":"2024-02-07T19:18:33","guid":{"rendered":"https:\/\/www.rosarioalerta.com.ar\/site\/?p=14890"},"modified":"2024-02-07T16:18:34","modified_gmt":"2024-02-07T19:18:34","slug":"allanamientos-un-detenido-por-el-crimen-de-elvira-velazquez","status":"publish","type":"post","link":"https:\/\/www.rosarioalerta.com.ar\/site\/archivos\/14890","title":{"rendered":"Allanamientos; Un detenido por el crimen de Elvira Vel\u00e1zquez"},"content":{"rendered":"\n<p><\/p>\n\n\n\n<p>La v\u00edctima, de 75 a\u00f1os, se encontraba en la vereda de su domicilio cuando&nbsp; fue&nbsp; asesinada a tiros por dos hombres<\/p>\n\n\n\n<p>La <strong>Polic\u00eda de Investigaciones<\/strong>, realiz\u00f3\u00a0 este mi\u00e9rcoles tres allanamientos en inmediaciones de <strong>San Ger\u00f3nimo y Carrasco<\/strong>, en el marco de la investigaci\u00f3n por el crimen de <strong>Elvira Vel\u00e1zquez de 75 a\u00f1os<\/strong>. En el lugar aprehendieron\u00a0 a uno de los posibles\u00a0 autores, identificado como <strong>Lautaro R. de 19 a\u00f1os<\/strong>, a quien adem\u00e1s\u00a0 le secuestraron celulares y prendas\u00a0 de vestir\u00a0 de inter\u00e9s para la causa que se investiga.<\/p>\n\n\n\n<p>La <strong>Brigada Operativa de la Divisi\u00f3n de Homicidios<\/strong> de la <strong>PDI<\/strong> llev\u00f3 adelante las tareas&nbsp; de campo a ra\u00edz del homicidio, ocurrido&nbsp; el pasado 29 de diciembre, en&nbsp; inmediaciones de <strong>Felipe More al 500 bis.<\/strong> Con los resultados&nbsp; obtenidos&nbsp; y bajo las \u00f3rdenes de la Fiscal\u00eda interviniente, este mi\u00e9rcoles diligenciaron tres \u00f3rdenes de allanamientos, logrando la aprehensi\u00f3n de uno de los presuntos responsables del hecho.<\/p>\n\n\n\n<p>Fue trasladado a la sede de la <strong>PDI<\/strong> para los tr\u00e1mites correspondientes, quedando a disposici\u00f3n de la fiscal que interviene, Mar\u00eda de los \u00c1ngeles Granato.<\/p>\n<div class=\"newspaper-x-tags\"><strong>TAGS: <\/strong><span><a href=\"https:\/\/www.rosarioalerta.com.ar\/site\/archivos\/tag\/noticias-de-rosario\" rel=\"tag\">Noticias de Rosario<\/a><\/span><a href=\"https:\/\/www.rosarioalerta.com.ar\/site\/archivos\/tag\/rosario\" rel=\"tag\">Rosario<\/a><\/span><a href=\"https:\/\/www.rosarioalerta.com.ar\/site\/archivos\/tag\/santa-fe\" rel=\"tag\">Santa Fe<\/a> <\/div>","protected":false},"excerpt":{"rendered":"<p>La v\u00edctima, de 75 a\u00f1os, se encontraba en la vereda de su domicilio cuando&nbsp; fue&nbsp; asesinada a tiros por dos hombres La Polic\u00eda de Investigaciones, realiz\u00f3\u00a0 este mi\u00e9rcoles tres allanamientos en inmediaciones de San Ger\u00f3nimo y Carrasco, en el marco de la investigaci\u00f3n por el crimen de Elvira Vel\u00e1zquez de 75 a\u00f1os. En el lugar [&hellip;]<\/p>\n","protected":false},"author":2,"featured_media":14891,"comment_status":"open","ping_status":"open","sticky":false,"template":"","format":"standard","meta":{"_joinchat":[],"footnotes":""},"categories":[12,11,6,18,21,14],"tags":[95,55,65],"class_list":["post-14890","post","type-post","status-publish","format-standard","has-post-thumbnail","hentry","category-allanamientos","category-detenidos","category-homicidios","category-institucional","category-noticias","category-policiales","tag-noticias-de-rosario","tag-rosario","tag-santa-fe"],"_links":{"self":[{"href":"https:\/\/www.rosarioalerta.com.ar\/site\/wp-json\/wp\/v2\/posts\/14890","targetHints":{"allow":["GET"]}}],"collection":[{"href":"https:\/\/www.rosarioalerta.com.ar\/site\/wp-json\/wp\/v2\/posts"}],"about":[{"href":"https:\/\/www.rosarioalerta.com.ar\/site\/wp-json\/wp\/v2\/types\/post"}],"author":[{"embeddable":true,"href":"https:\/\/www.rosarioalerta.com.ar\/site\/wp-json\/wp\/v2\/users\/2"}],"replies":[{"embeddable":true,"href":"https:\/\/www.rosarioalerta.com.ar\/site\/wp-json\/wp\/v2\/comments?post=14890"}],"version-history":[{"count":1,"href":"https:\/\/www.rosarioalerta.com.ar\/site\/wp-json\/wp\/v2\/posts\/14890\/revisions"}],"predecessor-version":[{"id":14892,"href":"https:\/\/www.rosarioalerta.com.ar\/site\/wp-json\/wp\/v2\/posts\/14890\/revisions\/14892"}],"wp:featuredmedia":[{"embeddable":true,"href":"https:\/\/www.rosarioalerta.com.ar\/site\/wp-json\/wp\/v2\/media\/14891"}],"wp:attachment":[{"href":"https:\/\/www.rosarioalerta.com.ar\/site\/wp-json\/wp\/v2\/media?parent=14890"}],"wp:term":[{"taxonomy":"category","embeddable":true,"href":"https:\/\/www.rosarioalerta.com.ar\/site\/wp-json\/wp\/v2\/categories?post=14890"},{"taxonomy":"post_tag","embeddable":true,"href":"https:\/\/www.rosarioalerta.com.ar\/site\/wp-json\/wp\/v2\/tags?post=14890"}],"curies":[{"name":"wp","href":"https:\/\/api.w.org\/{rel}","templated":true}]}}