{"id":14871,"date":"2024-02-06T12:01:41","date_gmt":"2024-02-06T15:01:41","guid":{"rendered":"https:\/\/www.rosarioalerta.com.ar\/site\/?p=14871"},"modified":"2024-02-06T12:05:29","modified_gmt":"2024-02-06T15:05:29","slug":"robo-de-cables-ocho-detenidos-en-una-noche","status":"publish","type":"post","link":"https:\/\/www.rosarioalerta.com.ar\/site\/archivos\/14871","title":{"rendered":"Robo de cables: Ocho detenidos en una noche"},"content":{"rendered":"\n<p><\/p>\n\n\n\n<p>Fue gracias al trabajo coordinado entre personal de Monitoreo y polic\u00edas.<\/p>\n\n\n\n<p>Entre la noche del lunes y la madrugada del martes, la Polic\u00eda de la provincia de Santa Fe procedi\u00f3 a la aprehensi\u00f3n de 8 personas por robo de cables, de un portero el\u00e9ctrico y por un intento de robo en un supermercado de zona sur de la ciudad de Rosario.<\/p>\n\n\n\n<p>Los procedimientos policiales estuvieron a cargo del agentes del Comando Radioel\u00e9ctrico y de la Brigada Motorizada, en algunos casos con colaboraci\u00f3n de personal de Monitoreo, en el marco de los controles preventivos de calle que lleva adelante la Polic\u00eda de la Unidad Regional II, que impulsa el Ministerio de Justicia y Seguridad de la provincia de Santa Fe.<\/p>\n\n\n\n<p>En <strong>3 de Febrero y Necochea<\/strong>, personal de Monitoreo visualiz\u00f3 minutos pasados la medianoche a un hombre sustrayendo reflectores de un comercio de la cuadra. Con los datos aportados a la central de emergencia 911, la Brigada Motorizada procedi\u00f3 a la aprehensi\u00f3n y al secuestro de los elementos sustra\u00eddos.<\/p>\n\n\n\n<p>Lo mismo ocurri\u00f3 en <strong>Juan Canals al 1900<\/strong>, cuando dos hombres se encontraban arriba de un \u00e1rbol robando cables y al llegar la Polic\u00eda se procedi\u00f3 a la detenci\u00f3n de ambos, el secuestro de un arma blanca y tambi\u00e9n de lo sustra\u00eddo.<\/p>\n\n\n\n<p>En <strong>Illia y Pueyrred\u00f3n<\/strong>, id\u00e9ntico procedimiento del Comando Radioel\u00e9ctrico, cuyo resultado fue el secuestro de cables y la aprehensi\u00f3n de dos hombres.<\/p>\n\n\n\n<p>En <strong>Espa\u00f1a y Zaballos<\/strong>, agentes de la Motorizada entrevistaron a un vecino que manifest\u00f3 que dos sospechosos intentaron sustraer un portero el\u00e9ctrico, por lo cual procedieron el arresto de ambos, el secuestro de un arma blanca y de un rollo de cable.<\/p>\n\n\n\n<p>Por \u00faltimo, en inmediaciones del supermercado de <strong>Oro\u00f1o y Saavedra<\/strong>, intentaron ingresar por los techos y se procedi\u00f3 al arresto de un hombre.<\/p>\n\n\n\n<figure class=\"wp-block-embed is-type-rich is-provider-twitter wp-block-embed-twitter\"><div class=\"wp-block-embed__wrapper\">\n<div class=\"newspaper-x-video-container\"><blockquote class=\"twitter-tweet\" data-width=\"550\" data-dnt=\"true\"><p lang=\"es\" dir=\"ltr\"><a href=\"https:\/\/twitter.com\/hashtag\/Rosario?src=hash&amp;ref_src=twsrc%5Etfw\">#Rosario<\/a> <a href=\"https:\/\/twitter.com\/hashtag\/Policiales?src=hash&amp;ref_src=twsrc%5Etfw\">#Policiales<\/a> <a href=\"https:\/\/twitter.com\/hashtag\/Detenidos?src=hash&amp;ref_src=twsrc%5Etfw\">#Detenidos<\/a> <a href=\"https:\/\/twitter.com\/hashtag\/RobaCables?src=hash&amp;ref_src=twsrc%5Etfw\">#RobaCables<\/a> <a href=\"https:\/\/twitter.com\/hashtag\/Video?src=hash&amp;ref_src=twsrc%5Etfw\">#Video<\/a> <a href=\"https:\/\/t.co\/mqdlEmIU0H\">https:\/\/t.co\/mqdlEmIU0H<\/a> a trav\u00e9s de <a href=\"https:\/\/twitter.com\/RosarioAlerta?ref_src=twsrc%5Etfw\">@RosarioAlerta<\/a> <a href=\"https:\/\/t.co\/ovW7nwA0fb\">pic.twitter.com\/ovW7nwA0fb<\/a><\/p>&mdash; Rosario Alerta (@RosarioAlerta) <a href=\"https:\/\/twitter.com\/RosarioAlerta\/status\/1754883369257607272?ref_src=twsrc%5Etfw\">February 6, 2024<\/a><\/blockquote><script async src=\"https:\/\/platform.twitter.com\/widgets.js\" charset=\"utf-8\"><\/script><\/div>\n<\/div><\/figure>\n<div class=\"newspaper-x-tags\"><strong>TAGS: <\/strong><span><a href=\"https:\/\/www.rosarioalerta.com.ar\/site\/archivos\/tag\/noticias-de-rosario\" rel=\"tag\">Noticias de Rosario<\/a><\/span><a href=\"https:\/\/www.rosarioalerta.com.ar\/site\/archivos\/tag\/rosario\" rel=\"tag\">Rosario<\/a><\/span><a href=\"https:\/\/www.rosarioalerta.com.ar\/site\/archivos\/tag\/santa-fe\" rel=\"tag\">Santa Fe<\/a> <\/div>","protected":false},"excerpt":{"rendered":"<p>Fue gracias al trabajo coordinado entre personal de Monitoreo y polic\u00edas. Entre la noche del lunes y la madrugada del martes, la Polic\u00eda de la provincia de Santa Fe procedi\u00f3 a la aprehensi\u00f3n de 8 personas por robo de cables, de un portero el\u00e9ctrico y por un intento de robo en un supermercado de zona [&hellip;]<\/p>\n","protected":false},"author":2,"featured_media":14872,"comment_status":"open","ping_status":"open","sticky":false,"template":"","format":"standard","meta":{"_joinchat":[],"footnotes":""},"categories":[11,21,14,2],"tags":[95,55,65],"class_list":["post-14871","post","type-post","status-publish","format-standard","has-post-thumbnail","hentry","category-detenidos","category-noticias","category-policiales","category-robos","tag-noticias-de-rosario","tag-rosario","tag-santa-fe"],"_links":{"self":[{"href":"https:\/\/www.rosarioalerta.com.ar\/site\/wp-json\/wp\/v2\/posts\/14871","targetHints":{"allow":["GET"]}}],"collection":[{"href":"https:\/\/www.rosarioalerta.com.ar\/site\/wp-json\/wp\/v2\/posts"}],"about":[{"href":"https:\/\/www.rosarioalerta.com.ar\/site\/wp-json\/wp\/v2\/types\/post"}],"author":[{"embeddable":true,"href":"https:\/\/www.rosarioalerta.com.ar\/site\/wp-json\/wp\/v2\/users\/2"}],"replies":[{"embeddable":true,"href":"https:\/\/www.rosarioalerta.com.ar\/site\/wp-json\/wp\/v2\/comments?post=14871"}],"version-history":[{"count":2,"href":"https:\/\/www.rosarioalerta.com.ar\/site\/wp-json\/wp\/v2\/posts\/14871\/revisions"}],"predecessor-version":[{"id":14874,"href":"https:\/\/www.rosarioalerta.com.ar\/site\/wp-json\/wp\/v2\/posts\/14871\/revisions\/14874"}],"wp:featuredmedia":[{"embeddable":true,"href":"https:\/\/www.rosarioalerta.com.ar\/site\/wp-json\/wp\/v2\/media\/14872"}],"wp:attachment":[{"href":"https:\/\/www.rosarioalerta.com.ar\/site\/wp-json\/wp\/v2\/media?parent=14871"}],"wp:term":[{"taxonomy":"category","embeddable":true,"href":"https:\/\/www.rosarioalerta.com.ar\/site\/wp-json\/wp\/v2\/categories?post=14871"},{"taxonomy":"post_tag","embeddable":true,"href":"https:\/\/www.rosarioalerta.com.ar\/site\/wp-json\/wp\/v2\/tags?post=14871"}],"curies":[{"name":"wp","href":"https:\/\/api.w.org\/{rel}","templated":true}]}}