{"id":14852,"date":"2024-02-05T11:16:25","date_gmt":"2024-02-05T14:16:25","guid":{"rendered":"https:\/\/www.rosarioalerta.com.ar\/site\/?p=14852"},"modified":"2024-02-05T11:16:26","modified_gmt":"2024-02-05T14:16:26","slug":"seria-hermano-de-un-recluso-del-pabellon-28","status":"publish","type":"post","link":"https:\/\/www.rosarioalerta.com.ar\/site\/archivos\/14852","title":{"rendered":"\u201cSer\u00eda hermano de un recluso del Pabell\u00f3n 28\u201d"},"content":{"rendered":"\n<p><\/p>\n\n\n\n<p>Omar Pereyra dio detalles del detenido por el crimen de <strong>Majlin<\/strong><\/p>\n\n\n\n<p>El secretario de seguridad del Ministerio de Justicia y Seguridad, Omar Pereyra habl\u00f3 en conferencia de prensa este lunes, tras el crimen de <strong>Miguel \u00c1ngel Majlin de 84 a\u00f1os, <\/strong>ocurrido el pasado s\u00e1bado por la noche en inmediaciones de <strong>R\u00edo de Janeiro y Mendoza <\/strong>y los allanamientos que se dieron en las primeras horas de este lunes, que culmin\u00f3 con un detenido y secuestro de celulares<\/p>\n\n\n\n<p>Tras una serie de medidas tomadas ayer con informaci\u00f3n que surgi\u00f3 de la investigaci\u00f3n, esta madrugada ordenaron tres allanamientos, uno de ellos en <strong>Bordabehere al 4900, <\/strong>donde detuvieron a <strong>V\u00edctor Hugo Almaraz de 26 a\u00f1os,<\/strong> hermano de un recluso que actualmente est\u00e1 en el <strong>Pabell\u00f3n 28<\/strong> de la <strong>Unidad Carcelaria N\u00ba11 de Pi\u00f1ero<\/strong> y quien adem\u00e1s cuenta con m\u00faltiples antecedentes por roboy resistencia a la autoridad, entre otros<\/p>\n\n\n\n<p>La <strong>Fiscal\u00eda<\/strong> al entrecruzar datos, lograron establecer que este sujeto, estar\u00eda vinculado en el primer ataque a las <strong>TOE<\/strong>, cuando desde un veh\u00edculo dispararon al frente del lugar. Las primeras versiones surgidas, dan cuenta que el detenido, ser\u00eda quien rob\u00f3 el autom\u00f3vil, en el que se desplazaron los gatilleros, pero a\u00fan no est\u00e1 comprobado si condujo el auto en el cual se desplazaron<\/p>\n\n\n\n<p>&nbsp;Sobre la mec\u00e1nica del crimen, <strong>Pereyra<\/strong> explic\u00f3; <em>\u201cse trata de un veh\u00edculo que se detiene sobre la v\u00eda p\u00fablica frente a una panader\u00eda, que quien conduce (<strong>Majlin)<\/strong> habr\u00eda bajado a hacer una compra mientras que la esposa permanecer\u00eda en el veh\u00edculo. Es all\u00ed donde una persona se acerca al mismo con intenciones de robo y a la llegada del titular, intent\u00f3 ingresar al rodado, con la presencia de su esposa adentro y es donde se produce el forcejeo. En esa resistencia, el delincuente arranca, pr\u00e1cticamente tambi\u00e9n golpea a la v\u00edctima, quien luego cae, del rodado e inicia su marcha, con la esposa a quien luego arroja de la EcoSport. Aunque se esperan las pericias definitivas, habr\u00eda sido golpeado y arrastrado, por lo menos por un trecho breve\u201d,<\/em> finaliz\u00f3 el secretario de seguridad, con respecto a la mec\u00e1nica del crimen en Echesortu este fin de semana<\/p>\n<div class=\"newspaper-x-tags\"><strong>TAGS: <\/strong><span><a href=\"https:\/\/www.rosarioalerta.com.ar\/site\/archivos\/tag\/noticias-de-rosario\" rel=\"tag\">Noticias de Rosario<\/a><\/span><a href=\"https:\/\/www.rosarioalerta.com.ar\/site\/archivos\/tag\/rosario\" rel=\"tag\">Rosario<\/a><\/span><a href=\"https:\/\/www.rosarioalerta.com.ar\/site\/archivos\/tag\/santa-fe\" rel=\"tag\">Santa Fe<\/a> <\/div>","protected":false},"excerpt":{"rendered":"<p>Omar Pereyra dio detalles del detenido por el crimen de Majlin El secretario de seguridad del Ministerio de Justicia y Seguridad, Omar Pereyra habl\u00f3 en conferencia de prensa este lunes, tras el crimen de Miguel \u00c1ngel Majlin de 84 a\u00f1os, ocurrido el pasado s\u00e1bado por la noche en inmediaciones de R\u00edo de Janeiro y Mendoza [&hellip;]<\/p>\n","protected":false},"author":2,"featured_media":14853,"comment_status":"open","ping_status":"open","sticky":false,"template":"","format":"standard","meta":{"_joinchat":[],"footnotes":""},"categories":[11,6,18,21,14],"tags":[95,55,65],"class_list":["post-14852","post","type-post","status-publish","format-standard","has-post-thumbnail","hentry","category-detenidos","category-homicidios","category-institucional","category-noticias","category-policiales","tag-noticias-de-rosario","tag-rosario","tag-santa-fe"],"_links":{"self":[{"href":"https:\/\/www.rosarioalerta.com.ar\/site\/wp-json\/wp\/v2\/posts\/14852","targetHints":{"allow":["GET"]}}],"collection":[{"href":"https:\/\/www.rosarioalerta.com.ar\/site\/wp-json\/wp\/v2\/posts"}],"about":[{"href":"https:\/\/www.rosarioalerta.com.ar\/site\/wp-json\/wp\/v2\/types\/post"}],"author":[{"embeddable":true,"href":"https:\/\/www.rosarioalerta.com.ar\/site\/wp-json\/wp\/v2\/users\/2"}],"replies":[{"embeddable":true,"href":"https:\/\/www.rosarioalerta.com.ar\/site\/wp-json\/wp\/v2\/comments?post=14852"}],"version-history":[{"count":1,"href":"https:\/\/www.rosarioalerta.com.ar\/site\/wp-json\/wp\/v2\/posts\/14852\/revisions"}],"predecessor-version":[{"id":14854,"href":"https:\/\/www.rosarioalerta.com.ar\/site\/wp-json\/wp\/v2\/posts\/14852\/revisions\/14854"}],"wp:featuredmedia":[{"embeddable":true,"href":"https:\/\/www.rosarioalerta.com.ar\/site\/wp-json\/wp\/v2\/media\/14853"}],"wp:attachment":[{"href":"https:\/\/www.rosarioalerta.com.ar\/site\/wp-json\/wp\/v2\/media?parent=14852"}],"wp:term":[{"taxonomy":"category","embeddable":true,"href":"https:\/\/www.rosarioalerta.com.ar\/site\/wp-json\/wp\/v2\/categories?post=14852"},{"taxonomy":"post_tag","embeddable":true,"href":"https:\/\/www.rosarioalerta.com.ar\/site\/wp-json\/wp\/v2\/tags?post=14852"}],"curies":[{"name":"wp","href":"https:\/\/api.w.org\/{rel}","templated":true}]}}