{"id":14846,"date":"2024-02-05T07:35:50","date_gmt":"2024-02-05T10:35:50","guid":{"rendered":"https:\/\/www.rosarioalerta.com.ar\/site\/?p=14846"},"modified":"2024-02-05T07:35:51","modified_gmt":"2024-02-05T10:35:51","slug":"detuvieron-a-un-sospechoso-del-crimen-en-echesortu","status":"publish","type":"post","link":"https:\/\/www.rosarioalerta.com.ar\/site\/archivos\/14846","title":{"rendered":"Detuvieron a un sospechoso del crimen en Echesortu"},"content":{"rendered":"\n<p><\/p>\n\n\n\n<p>Tambi\u00e9n podr\u00eda estar vinculado al atetando contra las Tropas de Operaciones Especiales<\/p>\n\n\n\n<p>En las primeras horas de este lunes, personal de las <strong>Tropas de Operaciones Especiales (TOE) <\/strong>llev\u00f3 adelante al menos tres procedimientos en Rosario, bajo las \u00f3rdenes del Fiscal Saldutti y en relaci\u00f3n al crimen de <strong>Miguel \u00c1ngel Majlin de 84 a\u00f1os, <\/strong>ocurrido el pasado s\u00e1bado por la noche en inmediaciones de <strong>R\u00edo de Janeiro y Mendoza, <\/strong>cuando la v\u00edctima desciende de su EcoSport para realizar una compra en un comercio y al regresar, es sorprendido por un delincuente que lo golpea y arroja al piso, sufriendo golpes y traumatismos que horas m\u00e1s tarde le quitaran la vida<\/p>\n\n\n\n<p>Uno de los allanamientos que lleva adelante las <strong>TOE<\/strong> es en una vivienda de <strong>Bordabehere al 4900<\/strong>, donde se presume que el detenido de 26 a\u00f1os, ser\u00eda el delincuente que le ocasion\u00f3 el deceso a <strong>Majlin<\/strong><\/p>\n\n\n\n<p>Las pericias recabadas sobre la camioneta y las c\u00e1maras de videovigilancia, habr\u00edan sido de utilidad para lograr estos procedimientos. Adem\u00e1s fuentes allegadas a la investigaci\u00f3n, no descartaron que este mismo sujeto est\u00e9 vinculado al atentado que perpetraron el 20 de enero pasado contra la base de las <strong>TOE<\/strong> en <strong>Rouill\u00f3n e Ituzaing\u00f3<\/strong> &nbsp;<\/p>\n<div class=\"newspaper-x-tags\"><strong>TAGS: <\/strong><span><a href=\"https:\/\/www.rosarioalerta.com.ar\/site\/archivos\/tag\/noticias-de-rosario\" rel=\"tag\">Noticias de Rosario<\/a><\/span><a href=\"https:\/\/www.rosarioalerta.com.ar\/site\/archivos\/tag\/rosario\" rel=\"tag\">Rosario<\/a><\/span><a href=\"https:\/\/www.rosarioalerta.com.ar\/site\/archivos\/tag\/santa-fe\" rel=\"tag\">Santa Fe<\/a> <\/div>","protected":false},"excerpt":{"rendered":"<p>Tambi\u00e9n podr\u00eda estar vinculado al atetando contra las Tropas de Operaciones Especiales En las primeras horas de este lunes, personal de las Tropas de Operaciones Especiales (TOE) llev\u00f3 adelante al menos tres procedimientos en Rosario, bajo las \u00f3rdenes del Fiscal Saldutti y en relaci\u00f3n al crimen de Miguel \u00c1ngel Majlin de 84 a\u00f1os, ocurrido el [&hellip;]<\/p>\n","protected":false},"author":2,"featured_media":14847,"comment_status":"open","ping_status":"open","sticky":false,"template":"","format":"standard","meta":{"_joinchat":[],"footnotes":""},"categories":[12,11,6,21,14],"tags":[95,55,65],"class_list":["post-14846","post","type-post","status-publish","format-standard","has-post-thumbnail","hentry","category-allanamientos","category-detenidos","category-homicidios","category-noticias","category-policiales","tag-noticias-de-rosario","tag-rosario","tag-santa-fe"],"_links":{"self":[{"href":"https:\/\/www.rosarioalerta.com.ar\/site\/wp-json\/wp\/v2\/posts\/14846","targetHints":{"allow":["GET"]}}],"collection":[{"href":"https:\/\/www.rosarioalerta.com.ar\/site\/wp-json\/wp\/v2\/posts"}],"about":[{"href":"https:\/\/www.rosarioalerta.com.ar\/site\/wp-json\/wp\/v2\/types\/post"}],"author":[{"embeddable":true,"href":"https:\/\/www.rosarioalerta.com.ar\/site\/wp-json\/wp\/v2\/users\/2"}],"replies":[{"embeddable":true,"href":"https:\/\/www.rosarioalerta.com.ar\/site\/wp-json\/wp\/v2\/comments?post=14846"}],"version-history":[{"count":1,"href":"https:\/\/www.rosarioalerta.com.ar\/site\/wp-json\/wp\/v2\/posts\/14846\/revisions"}],"predecessor-version":[{"id":14848,"href":"https:\/\/www.rosarioalerta.com.ar\/site\/wp-json\/wp\/v2\/posts\/14846\/revisions\/14848"}],"wp:featuredmedia":[{"embeddable":true,"href":"https:\/\/www.rosarioalerta.com.ar\/site\/wp-json\/wp\/v2\/media\/14847"}],"wp:attachment":[{"href":"https:\/\/www.rosarioalerta.com.ar\/site\/wp-json\/wp\/v2\/media?parent=14846"}],"wp:term":[{"taxonomy":"category","embeddable":true,"href":"https:\/\/www.rosarioalerta.com.ar\/site\/wp-json\/wp\/v2\/categories?post=14846"},{"taxonomy":"post_tag","embeddable":true,"href":"https:\/\/www.rosarioalerta.com.ar\/site\/wp-json\/wp\/v2\/tags?post=14846"}],"curies":[{"name":"wp","href":"https:\/\/api.w.org\/{rel}","templated":true}]}}