{"id":14830,"date":"2024-02-04T10:36:30","date_gmt":"2024-02-04T13:36:30","guid":{"rendered":"https:\/\/www.rosarioalerta.com.ar\/site\/?p=14830"},"modified":"2024-02-04T10:36:33","modified_gmt":"2024-02-04T13:36:33","slug":"tragico-final-para-el-robo-de-un-auto","status":"publish","type":"post","link":"https:\/\/www.rosarioalerta.com.ar\/site\/archivos\/14830","title":{"rendered":"Tr\u00e1gico final para el robo de un auto"},"content":{"rendered":"\n<p><\/p>\n\n\n\n<p>Un hombre fue v\u00edctima de un asalto, lo golpearon y luego de unas horas falleci\u00f3<\/p>\n\n\n\n<p>El hecho tuvo lugar anoche pasada las 19 en inmediaciones de <strong>R\u00edo de Janeiro y Mendoza<\/strong>, cuando una pareja se desplazaba en una Eco Sport y fueron abordados por delincuentes que a punta de pistola le sustrajeron el rodado, golpe\u00e1ndolo fuertemente y arroj\u00e1ndolo al piso. La v\u00edctima fue trasladada por el <strong>SIES<\/strong> al <strong>Hospital de Emergencias Clemente \u00c1lvarez (HECA) <\/strong>donde le diagnosticaron que presentaba un traumatismo de cr\u00e1neo grave<\/p>\n\n\n\n<p>Pero entrada la madrugada a causa de las lesiones <strong>Miguel \u00c1ngel Majlin de 84 a\u00f1os<\/strong>, fallece<\/p>\n\n\n\n<p>Interviene en el caso el <strong>Fiscal Saldutti<\/strong> de la <strong>Unidad de Homicidios Dolosos<\/strong><\/p>\n\n\n\n<p>Tras las primeras investigaciones, el rodado fue hallado en <strong>Pje Brooke y Pje 1860, <\/strong>donde la <strong>PDI<\/strong> procedi\u00f3 a su secuestro y relevo de la escena, tomando huellas dactilares, rastros y relevando c\u00e1maras tanto p\u00fablicas como privadas tendientes a la identificaci\u00f3n del agresor.<\/p>\n\n\n\n<p class=\"has-text-align-center\"><strong>Se trata del primer crimen del mes de Febrero y el caso 17 desde el inicio de a\u00f1o<\/strong><\/p>\n<div class=\"newspaper-x-tags\"><strong>TAGS: <\/strong><span><a href=\"https:\/\/www.rosarioalerta.com.ar\/site\/archivos\/tag\/noticias-de-rosario\" rel=\"tag\">Noticias de Rosario<\/a><\/span><a href=\"https:\/\/www.rosarioalerta.com.ar\/site\/archivos\/tag\/rosario\" rel=\"tag\">Rosario<\/a><\/span><a href=\"https:\/\/www.rosarioalerta.com.ar\/site\/archivos\/tag\/santa-fe\" rel=\"tag\">Santa Fe<\/a> <\/div>","protected":false},"excerpt":{"rendered":"<p>Un hombre fue v\u00edctima de un asalto, lo golpearon y luego de unas horas falleci\u00f3 El hecho tuvo lugar anoche pasada las 19 en inmediaciones de R\u00edo de Janeiro y Mendoza, cuando una pareja se desplazaba en una Eco Sport y fueron abordados por delincuentes que a punta de pistola le sustrajeron el rodado, golpe\u00e1ndolo [&hellip;]<\/p>\n","protected":false},"author":2,"featured_media":14831,"comment_status":"open","ping_status":"open","sticky":false,"template":"","format":"standard","meta":{"_joinchat":[],"footnotes":""},"categories":[6,21,14],"tags":[95,55,65],"class_list":["post-14830","post","type-post","status-publish","format-standard","has-post-thumbnail","hentry","category-homicidios","category-noticias","category-policiales","tag-noticias-de-rosario","tag-rosario","tag-santa-fe"],"_links":{"self":[{"href":"https:\/\/www.rosarioalerta.com.ar\/site\/wp-json\/wp\/v2\/posts\/14830","targetHints":{"allow":["GET"]}}],"collection":[{"href":"https:\/\/www.rosarioalerta.com.ar\/site\/wp-json\/wp\/v2\/posts"}],"about":[{"href":"https:\/\/www.rosarioalerta.com.ar\/site\/wp-json\/wp\/v2\/types\/post"}],"author":[{"embeddable":true,"href":"https:\/\/www.rosarioalerta.com.ar\/site\/wp-json\/wp\/v2\/users\/2"}],"replies":[{"embeddable":true,"href":"https:\/\/www.rosarioalerta.com.ar\/site\/wp-json\/wp\/v2\/comments?post=14830"}],"version-history":[{"count":1,"href":"https:\/\/www.rosarioalerta.com.ar\/site\/wp-json\/wp\/v2\/posts\/14830\/revisions"}],"predecessor-version":[{"id":14832,"href":"https:\/\/www.rosarioalerta.com.ar\/site\/wp-json\/wp\/v2\/posts\/14830\/revisions\/14832"}],"wp:featuredmedia":[{"embeddable":true,"href":"https:\/\/www.rosarioalerta.com.ar\/site\/wp-json\/wp\/v2\/media\/14831"}],"wp:attachment":[{"href":"https:\/\/www.rosarioalerta.com.ar\/site\/wp-json\/wp\/v2\/media?parent=14830"}],"wp:term":[{"taxonomy":"category","embeddable":true,"href":"https:\/\/www.rosarioalerta.com.ar\/site\/wp-json\/wp\/v2\/categories?post=14830"},{"taxonomy":"post_tag","embeddable":true,"href":"https:\/\/www.rosarioalerta.com.ar\/site\/wp-json\/wp\/v2\/tags?post=14830"}],"curies":[{"name":"wp","href":"https:\/\/api.w.org\/{rel}","templated":true}]}}