{"id":14746,"date":"2024-01-31T07:16:15","date_gmt":"2024-01-31T10:16:15","guid":{"rendered":"https:\/\/www.rosarioalerta.com.ar\/site\/?p=14746"},"modified":"2024-01-31T07:16:17","modified_gmt":"2024-01-31T10:16:17","slug":"cae-otro-de-los-participes-del-crimen-de-leoncio-bermudez","status":"publish","type":"post","link":"https:\/\/www.rosarioalerta.com.ar\/site\/archivos\/14746","title":{"rendered":"Cae otro de los part\u00edcipes del crimen de Leoncio Berm\u00fadez"},"content":{"rendered":"\n<p><\/p>\n\n\n\n<p>Ya hab\u00eda sido detenido e imputado en diciembre, pero se escap\u00f3 de donde estaba detenido<\/p>\n\n\n\n<p>Anoche pasadas las 21, en una plaza ubicada en <strong>Donado y La Rep\u00fablica<\/strong>, lograron dar con <strong>Mauricio Ezequiel Bustos de 31 a\u00f1os<\/strong>, quien ten\u00eda un pedido de captura activo, por fugarse de la Colonia Psiqui\u00e1trica de Oliveros, donde hab\u00eda sido alojado para cumplimentar su prisi\u00f3n preventiva, imputado por ser part\u00edcipe del sub inspector de la polic\u00eda <strong>Leoncio Berm\u00fadez<\/strong>, hecho ocurrido en noviembre del pasado a\u00f1o.<\/p>\n\n\n\n<p>Cabe destacar que el pasado 15 de diciembre, este sujeto hab\u00eda sido detenido en <strong>Cerrito y Per\u00fa<\/strong> cuando intent\u00f3 escapar a bordo de un autom\u00f3vil con un menor dentro, al que tambi\u00e9n apunt\u00f3 con una pistola. Tres d\u00edas despu\u00e9s fue imputado por el robo calificado y la portaci\u00f3n de un arma. La Justicia entendi\u00f3 que no comprend\u00eda la criminalidad de sus actos y dispuso su internaci\u00f3n en la <strong>Colonia Psiqui\u00e1trica de Oliveros<\/strong>. Cabe destacar que d\u00edas despu\u00e9s los detectives, lo relacionaron en el crimen de <strong>Berm\u00fadez<\/strong>, pero para esa altura, <strong>Bustos<\/strong>, ya se hab\u00eda fugado de dicho establecimiento<\/p>\n\n\n\n<p>En los pr\u00f3ximos d\u00edas la <strong>Dra. Gisela Paolicelli<\/strong> lo llevar\u00e1 a audiencia imputativa<\/p>\n<div class=\"newspaper-x-tags\"><strong>TAGS: <\/strong><span><a href=\"https:\/\/www.rosarioalerta.com.ar\/site\/archivos\/tag\/noticias-de-rosario\" rel=\"tag\">Noticias de Rosario<\/a><\/span><a href=\"https:\/\/www.rosarioalerta.com.ar\/site\/archivos\/tag\/rosario\" rel=\"tag\">Rosario<\/a><\/span><a href=\"https:\/\/www.rosarioalerta.com.ar\/site\/archivos\/tag\/santa-fe\" rel=\"tag\">Santa Fe<\/a> <\/div>","protected":false},"excerpt":{"rendered":"<p>Ya hab\u00eda sido detenido e imputado en diciembre, pero se escap\u00f3 de donde estaba detenido Anoche pasadas las 21, en una plaza ubicada en Donado y La Rep\u00fablica, lograron dar con Mauricio Ezequiel Bustos de 31 a\u00f1os, quien ten\u00eda un pedido de captura activo, por fugarse de la Colonia Psiqui\u00e1trica de Oliveros, donde hab\u00eda sido [&hellip;]<\/p>\n","protected":false},"author":2,"featured_media":14747,"comment_status":"open","ping_status":"open","sticky":false,"template":"","format":"standard","meta":{"_joinchat":[],"footnotes":""},"categories":[11,6,21,14],"tags":[95,55,65],"class_list":["post-14746","post","type-post","status-publish","format-standard","has-post-thumbnail","hentry","category-detenidos","category-homicidios","category-noticias","category-policiales","tag-noticias-de-rosario","tag-rosario","tag-santa-fe"],"_links":{"self":[{"href":"https:\/\/www.rosarioalerta.com.ar\/site\/wp-json\/wp\/v2\/posts\/14746","targetHints":{"allow":["GET"]}}],"collection":[{"href":"https:\/\/www.rosarioalerta.com.ar\/site\/wp-json\/wp\/v2\/posts"}],"about":[{"href":"https:\/\/www.rosarioalerta.com.ar\/site\/wp-json\/wp\/v2\/types\/post"}],"author":[{"embeddable":true,"href":"https:\/\/www.rosarioalerta.com.ar\/site\/wp-json\/wp\/v2\/users\/2"}],"replies":[{"embeddable":true,"href":"https:\/\/www.rosarioalerta.com.ar\/site\/wp-json\/wp\/v2\/comments?post=14746"}],"version-history":[{"count":1,"href":"https:\/\/www.rosarioalerta.com.ar\/site\/wp-json\/wp\/v2\/posts\/14746\/revisions"}],"predecessor-version":[{"id":14748,"href":"https:\/\/www.rosarioalerta.com.ar\/site\/wp-json\/wp\/v2\/posts\/14746\/revisions\/14748"}],"wp:featuredmedia":[{"embeddable":true,"href":"https:\/\/www.rosarioalerta.com.ar\/site\/wp-json\/wp\/v2\/media\/14747"}],"wp:attachment":[{"href":"https:\/\/www.rosarioalerta.com.ar\/site\/wp-json\/wp\/v2\/media?parent=14746"}],"wp:term":[{"taxonomy":"category","embeddable":true,"href":"https:\/\/www.rosarioalerta.com.ar\/site\/wp-json\/wp\/v2\/categories?post=14746"},{"taxonomy":"post_tag","embeddable":true,"href":"https:\/\/www.rosarioalerta.com.ar\/site\/wp-json\/wp\/v2\/tags?post=14746"}],"curies":[{"name":"wp","href":"https:\/\/api.w.org\/{rel}","templated":true}]}}