{"id":14640,"date":"2024-01-25T22:28:41","date_gmt":"2024-01-26T01:28:41","guid":{"rendered":"https:\/\/www.rosarioalerta.com.ar\/site\/?p=14640"},"modified":"2024-01-25T22:28:43","modified_gmt":"2024-01-26T01:28:43","slug":"detienen-a-los-presuntos-homicidas-de-bonda","status":"publish","type":"post","link":"https:\/\/www.rosarioalerta.com.ar\/site\/archivos\/14640","title":{"rendered":"Detienen a los presuntos homicidas de Bonda"},"content":{"rendered":"\n<p><\/p>\n\n\n\n<p>Se tratan de las personas que le gatillaran esta tarde a un hombre de 34 a\u00f1os<\/p>\n\n\n\n<p>Pasadas las 20, un llamado a la <strong>Central de Emergencias del 911<\/strong>, da cuenta que en una vivienda de <strong>Monteflores al 6900<\/strong>, se encontrar\u00edan las personas que ultimaron esta tarde en <a href=\"https:\/\/www.rosarioalerta.com.ar\/site\/archivos\/14625\" data-type=\"link\" data-id=\"https:\/\/www.rosarioalerta.com.ar\/site\/archivos\/14625\"><strong>Per\u00fa al 1900<\/strong>, a <strong>Javier Pablo Bonda de 34 a\u00f1os<\/strong><\/a><\/p>\n\n\n\n<p>Tras la consulta con la Fiscal\u00eda, los uniformados fueron autorizados a ingresar a la vivienda por el due\u00f1o de casa. Una vez dentro, se encontraron con tres hombres y una mujer a los que les secuestraron ropas similares a las utilizadas en el crimen, junto a municiones, celulares y dem\u00e1s elementos de inter\u00e9s para la causa<\/p>\n\n\n\n<p>Los mismos fueron trasladados a la sede preventora, para quedar a disposici\u00f3n del <strong>Dr Ferlazzo<\/strong> quien los imputar\u00e1 en los pr\u00f3ximos d\u00edas<\/p>\n<div class=\"newspaper-x-tags\"><strong>TAGS: <\/strong><span><a href=\"https:\/\/www.rosarioalerta.com.ar\/site\/archivos\/tag\/noticias-de-rosario\" rel=\"tag\">Noticias de Rosario<\/a><\/span><a href=\"https:\/\/www.rosarioalerta.com.ar\/site\/archivos\/tag\/rosario\" rel=\"tag\">Rosario<\/a><\/span><a href=\"https:\/\/www.rosarioalerta.com.ar\/site\/archivos\/tag\/santa-fe\" rel=\"tag\">Santa Fe<\/a> <\/div>","protected":false},"excerpt":{"rendered":"<p>Se tratan de las personas que le gatillaran esta tarde a un hombre de 34 a\u00f1os Pasadas las 20, un llamado a la Central de Emergencias del 911, da cuenta que en una vivienda de Monteflores al 6900, se encontrar\u00edan las personas que ultimaron esta tarde en Per\u00fa al 1900, a Javier Pablo Bonda de [&hellip;]<\/p>\n","protected":false},"author":2,"featured_media":14642,"comment_status":"open","ping_status":"open","sticky":false,"template":"","format":"standard","meta":{"_joinchat":[],"footnotes":""},"categories":[11,6,21,14],"tags":[95,55,65],"class_list":["post-14640","post","type-post","status-publish","format-standard","has-post-thumbnail","hentry","category-detenidos","category-homicidios","category-noticias","category-policiales","tag-noticias-de-rosario","tag-rosario","tag-santa-fe"],"_links":{"self":[{"href":"https:\/\/www.rosarioalerta.com.ar\/site\/wp-json\/wp\/v2\/posts\/14640","targetHints":{"allow":["GET"]}}],"collection":[{"href":"https:\/\/www.rosarioalerta.com.ar\/site\/wp-json\/wp\/v2\/posts"}],"about":[{"href":"https:\/\/www.rosarioalerta.com.ar\/site\/wp-json\/wp\/v2\/types\/post"}],"author":[{"embeddable":true,"href":"https:\/\/www.rosarioalerta.com.ar\/site\/wp-json\/wp\/v2\/users\/2"}],"replies":[{"embeddable":true,"href":"https:\/\/www.rosarioalerta.com.ar\/site\/wp-json\/wp\/v2\/comments?post=14640"}],"version-history":[{"count":1,"href":"https:\/\/www.rosarioalerta.com.ar\/site\/wp-json\/wp\/v2\/posts\/14640\/revisions"}],"predecessor-version":[{"id":14643,"href":"https:\/\/www.rosarioalerta.com.ar\/site\/wp-json\/wp\/v2\/posts\/14640\/revisions\/14643"}],"wp:featuredmedia":[{"embeddable":true,"href":"https:\/\/www.rosarioalerta.com.ar\/site\/wp-json\/wp\/v2\/media\/14642"}],"wp:attachment":[{"href":"https:\/\/www.rosarioalerta.com.ar\/site\/wp-json\/wp\/v2\/media?parent=14640"}],"wp:term":[{"taxonomy":"category","embeddable":true,"href":"https:\/\/www.rosarioalerta.com.ar\/site\/wp-json\/wp\/v2\/categories?post=14640"},{"taxonomy":"post_tag","embeddable":true,"href":"https:\/\/www.rosarioalerta.com.ar\/site\/wp-json\/wp\/v2\/tags?post=14640"}],"curies":[{"name":"wp","href":"https:\/\/api.w.org\/{rel}","templated":true}]}}