{"id":14625,"date":"2024-01-25T17:04:03","date_gmt":"2024-01-25T20:04:03","guid":{"rendered":"https:\/\/www.rosarioalerta.com.ar\/site\/?p=14625"},"modified":"2024-01-25T17:04:06","modified_gmt":"2024-01-25T20:04:06","slug":"otros-dos-crimenes-en-rosario","status":"publish","type":"post","link":"https:\/\/www.rosarioalerta.com.ar\/site\/archivos\/14625","title":{"rendered":"Otros dos cr\u00edmenes en Rosario"},"content":{"rendered":"\n<p><\/p>\n\n\n\n<p>Uno ocurri\u00f3 en barrio Las Flores, el otro en Belgrano<\/p>\n\n\n\n<p>Pasadas las 14, vecinos en inmediaciones de <strong>Guardia Morada (al 7000) y Pje 521, <\/strong>denunciaron haber escuchado disparos. Al llegar la polic\u00eda se encontraron con un hombre tendido en la v\u00eda p\u00fablica con varios impactos de bala, si bien solicitaron la presencia del <strong>SIES<\/strong> fue en vano, dado que el cuerpo no contaba con signos vitales. Seg\u00fan el informe forense la v\u00edctima tendr\u00eda dos heridas de bala en la regi\u00f3n lumbar y otro en el cr\u00e1neo. De la escena secuestraron alrededor de 8 vainas servidas y el cuerpo a\u00fan no hab\u00eda sido identificado<\/p>\n\n\n\n<p>Dos horas m\u00e1s tarde, en otro punto de la ciudad, tambi\u00e9n le quitaban la vida a un hombre. Cerca de las 16, <strong>Pablo Javier B de 34 a\u00f1os<\/strong>, caminaba junto a su pareja, cuando fue emboscado en inmediaciones de <strong>Per\u00fa al 1900<\/strong>. Los agresores, ser\u00edan dos sujetos que se desplazaban en moto y seg\u00fan testigos del caso, llegaron, el acompa\u00f1ante desciende del rodado y sin mediar palabras, le gatilla en cuatro ocasiones, para luego escapar a toda velocidad junto a su c\u00f3mplice<\/p>\n\n\n\n<p>La v\u00edctima no lleg\u00f3 a ser trasladada a un centro de salud, falleci\u00f3 en el acto<\/p>\n\n\n\n<p>Ambos casos son investigados por el <strong>Gabinete Criminal\u00edstico de la PDI<\/strong> quienes relevaron las escenas para dar prontamente con los agresores<\/p>\n\n\n\n<p class=\"has-text-align-center\"><strong>Hasta el momento son 13 los cr\u00edmenes que acumula el departamento Rosario desde el inicio de a\u00f1o. Cabe resaltar que el a\u00f1o pasado a esta altura ya cont\u00e1bamos con 20 asesinatos, lo que marca una baja del 80%<\/strong><\/p>\n<div class=\"newspaper-x-tags\"><strong>TAGS: <\/strong><span><a href=\"https:\/\/www.rosarioalerta.com.ar\/site\/archivos\/tag\/noticias-de-rosario\" rel=\"tag\">Noticias de Rosario<\/a><\/span><a href=\"https:\/\/www.rosarioalerta.com.ar\/site\/archivos\/tag\/rosario\" rel=\"tag\">Rosario<\/a><\/span><a href=\"https:\/\/www.rosarioalerta.com.ar\/site\/archivos\/tag\/santa-fe\" rel=\"tag\">Santa Fe<\/a> <\/div>","protected":false},"excerpt":{"rendered":"<p>Uno ocurri\u00f3 en barrio Las Flores, el otro en Belgrano Pasadas las 14, vecinos en inmediaciones de Guardia Morada (al 7000) y Pje 521, denunciaron haber escuchado disparos. Al llegar la polic\u00eda se encontraron con un hombre tendido en la v\u00eda p\u00fablica con varios impactos de bala, si bien solicitaron la presencia del SIES fue [&hellip;]<\/p>\n","protected":false},"author":2,"featured_media":14626,"comment_status":"open","ping_status":"open","sticky":false,"template":"","format":"standard","meta":{"_joinchat":[],"footnotes":""},"categories":[15,17,6,21,14],"tags":[95,55,65],"class_list":["post-14625","post","type-post","status-publish","format-standard","has-post-thumbnail","hentry","category-balaceras","category-heridos","category-homicidios","category-noticias","category-policiales","tag-noticias-de-rosario","tag-rosario","tag-santa-fe"],"_links":{"self":[{"href":"https:\/\/www.rosarioalerta.com.ar\/site\/wp-json\/wp\/v2\/posts\/14625","targetHints":{"allow":["GET"]}}],"collection":[{"href":"https:\/\/www.rosarioalerta.com.ar\/site\/wp-json\/wp\/v2\/posts"}],"about":[{"href":"https:\/\/www.rosarioalerta.com.ar\/site\/wp-json\/wp\/v2\/types\/post"}],"author":[{"embeddable":true,"href":"https:\/\/www.rosarioalerta.com.ar\/site\/wp-json\/wp\/v2\/users\/2"}],"replies":[{"embeddable":true,"href":"https:\/\/www.rosarioalerta.com.ar\/site\/wp-json\/wp\/v2\/comments?post=14625"}],"version-history":[{"count":1,"href":"https:\/\/www.rosarioalerta.com.ar\/site\/wp-json\/wp\/v2\/posts\/14625\/revisions"}],"predecessor-version":[{"id":14627,"href":"https:\/\/www.rosarioalerta.com.ar\/site\/wp-json\/wp\/v2\/posts\/14625\/revisions\/14627"}],"wp:featuredmedia":[{"embeddable":true,"href":"https:\/\/www.rosarioalerta.com.ar\/site\/wp-json\/wp\/v2\/media\/14626"}],"wp:attachment":[{"href":"https:\/\/www.rosarioalerta.com.ar\/site\/wp-json\/wp\/v2\/media?parent=14625"}],"wp:term":[{"taxonomy":"category","embeddable":true,"href":"https:\/\/www.rosarioalerta.com.ar\/site\/wp-json\/wp\/v2\/categories?post=14625"},{"taxonomy":"post_tag","embeddable":true,"href":"https:\/\/www.rosarioalerta.com.ar\/site\/wp-json\/wp\/v2\/tags?post=14625"}],"curies":[{"name":"wp","href":"https:\/\/api.w.org\/{rel}","templated":true}]}}