{"id":14544,"date":"2024-01-23T07:38:50","date_gmt":"2024-01-23T10:38:50","guid":{"rendered":"https:\/\/www.rosarioalerta.com.ar\/site\/?p=14544"},"modified":"2024-01-25T13:58:07","modified_gmt":"2024-01-25T16:58:07","slug":"mataron-al-licha-en-el-7","status":"publish","type":"post","link":"https:\/\/www.rosarioalerta.com.ar\/site\/archivos\/14544","title":{"rendered":"Mataron al \u201cLicha\u201d en el 7"},"content":{"rendered":"\n<p><\/p>\n\n\n\n<p>Fue anoche en medio de una gresca territorial<\/p>\n\n\n\n<p>Una de las zonas m\u00e1s castigadas por las disputas de territorio en Rosario, luego de <strong>Ludue\u00f1a, Empalme, Los Gr\u00e1ficos, Tablada y Manuelita<\/strong>, sin lugar a dudas es <strong>Stella Maris y el 7 de Septiembre<\/strong> estos dos \u00faltimos en la zona oeste de Rosario, donde anoche pasadas las 20, se registr\u00f3 un asesinato. Seg\u00fan las primeras informaciones, se habr\u00eda generado una gresca en grandes proporciones, por la disputa del territorio o problemas de vieja data entre un grupo de personas y la v\u00edcitma, tuvo lugar en inmediaciones de <strong>Schweitzer y Gonz\u00e1lez de Solar<\/strong> donde resulta herido <strong>Lisandro G\u00f3mez de 18 a\u00f1os,<\/strong> conocido como \u201c<strong>El Licha<\/strong>\u201d y referente en cr\u00f3nicas policiales por delitos varios en los \u00faltimos meses<\/p>\n\n\n\n<p><strong>El Licha<\/strong>, recibi\u00f3 heridas cortopunzantes por parte de tres personas o m\u00e1s se presume, entre las que habr\u00eda un menor. Fue trasladado al <strong>Policl\u00ednico San Mart\u00edn,<\/strong> donde ingresa sin vida<\/p>\n\n\n\n<p class=\"has-text-align-center\"><strong>Se trata del Homicidio Doloso n\u00famero 11 de este 2024<\/strong><\/p>\n<div class=\"newspaper-x-tags\"><strong>TAGS: <\/strong><span><a href=\"https:\/\/www.rosarioalerta.com.ar\/site\/archivos\/tag\/noticias-de-rosario\" rel=\"tag\">Noticias de Rosario<\/a><\/span><a href=\"https:\/\/www.rosarioalerta.com.ar\/site\/archivos\/tag\/rosario\" rel=\"tag\">Rosario<\/a><\/span><a href=\"https:\/\/www.rosarioalerta.com.ar\/site\/archivos\/tag\/santa-fe\" rel=\"tag\">Santa Fe<\/a> <\/div>","protected":false},"excerpt":{"rendered":"<p>Fue anoche en medio de una gresca territorial Una de las zonas m\u00e1s castigadas por las disputas de territorio en Rosario, luego de Ludue\u00f1a, Empalme, Los Gr\u00e1ficos, Tablada y Manuelita, sin lugar a dudas es Stella Maris y el 7 de Septiembre estos dos \u00faltimos en la zona oeste de Rosario, donde anoche pasadas las [&hellip;]<\/p>\n","protected":false},"author":2,"featured_media":14545,"comment_status":"open","ping_status":"open","sticky":false,"template":"","format":"standard","meta":{"_joinchat":[],"footnotes":""},"categories":[17,6,21,14],"tags":[95,55,65],"class_list":["post-14544","post","type-post","status-publish","format-standard","has-post-thumbnail","hentry","category-heridos","category-homicidios","category-noticias","category-policiales","tag-noticias-de-rosario","tag-rosario","tag-santa-fe"],"_links":{"self":[{"href":"https:\/\/www.rosarioalerta.com.ar\/site\/wp-json\/wp\/v2\/posts\/14544","targetHints":{"allow":["GET"]}}],"collection":[{"href":"https:\/\/www.rosarioalerta.com.ar\/site\/wp-json\/wp\/v2\/posts"}],"about":[{"href":"https:\/\/www.rosarioalerta.com.ar\/site\/wp-json\/wp\/v2\/types\/post"}],"author":[{"embeddable":true,"href":"https:\/\/www.rosarioalerta.com.ar\/site\/wp-json\/wp\/v2\/users\/2"}],"replies":[{"embeddable":true,"href":"https:\/\/www.rosarioalerta.com.ar\/site\/wp-json\/wp\/v2\/comments?post=14544"}],"version-history":[{"count":2,"href":"https:\/\/www.rosarioalerta.com.ar\/site\/wp-json\/wp\/v2\/posts\/14544\/revisions"}],"predecessor-version":[{"id":14620,"href":"https:\/\/www.rosarioalerta.com.ar\/site\/wp-json\/wp\/v2\/posts\/14544\/revisions\/14620"}],"wp:featuredmedia":[{"embeddable":true,"href":"https:\/\/www.rosarioalerta.com.ar\/site\/wp-json\/wp\/v2\/media\/14545"}],"wp:attachment":[{"href":"https:\/\/www.rosarioalerta.com.ar\/site\/wp-json\/wp\/v2\/media?parent=14544"}],"wp:term":[{"taxonomy":"category","embeddable":true,"href":"https:\/\/www.rosarioalerta.com.ar\/site\/wp-json\/wp\/v2\/categories?post=14544"},{"taxonomy":"post_tag","embeddable":true,"href":"https:\/\/www.rosarioalerta.com.ar\/site\/wp-json\/wp\/v2\/tags?post=14544"}],"curies":[{"name":"wp","href":"https:\/\/api.w.org\/{rel}","templated":true}]}}