{"id":14511,"date":"2024-01-21T11:14:38","date_gmt":"2024-01-21T14:14:38","guid":{"rendered":"https:\/\/www.rosarioalerta.com.ar\/site\/?p=14511"},"modified":"2024-01-21T11:14:40","modified_gmt":"2024-01-21T14:14:40","slug":"buscamos-a-mauricio-marioncini","status":"publish","type":"post","link":"https:\/\/www.rosarioalerta.com.ar\/site\/archivos\/14511","title":{"rendered":"Buscamos a Mauricio Marioncini"},"content":{"rendered":"\n<p><\/p>\n\n\n\n<p>Es por estar vinculado el crimen de su madre y la pareja<\/p>\n\n\n\n<p>Desde el <strong>Ministerio P\u00fablico de la Acusaci\u00f3n<\/strong> solicitaron la colaboraci\u00f3n de la poblaci\u00f3n para dar con la persona que se ve en la imagen, identificada como <strong>Mauricio Marioncini,<\/strong> sindicado como autor del crimen ocurrido el este s\u00e1bado en<a href=\"https:\/\/www.rosarioalerta.com.ar\/site\/archivos\/14499\" data-type=\"link\" data-id=\"https:\/\/www.rosarioalerta.com.ar\/site\/archivos\/14499\"> <strong>Vera Mujica al 4800<\/strong> <\/a>de Rosario, donde resultan v\u00edctima<a href=\"https:\/\/www.rosarioalerta.com.ar\/site\/archivos\/14499\" data-type=\"link\" data-id=\"https:\/\/www.rosarioalerta.com.ar\/site\/archivos\/14499\"> <strong>Tamara Marionsini de 53 a\u00f1os y Silvio Martini de 65 a\u00f1os.<\/strong><\/a><\/p>\n\n\n\n<p>Cualquier dato que sirviese comunicarse al 911 o a las redes sociales de la Fiscal\u00eda.<\/p>\n<div class=\"newspaper-x-tags\"><strong>TAGS: <\/strong><span><a href=\"https:\/\/www.rosarioalerta.com.ar\/site\/archivos\/tag\/noticias-de-rosario\" rel=\"tag\">Noticias de Rosario<\/a><\/span><a href=\"https:\/\/www.rosarioalerta.com.ar\/site\/archivos\/tag\/rosario\" rel=\"tag\">Rosario<\/a><\/span><a href=\"https:\/\/www.rosarioalerta.com.ar\/site\/archivos\/tag\/santa-fe\" rel=\"tag\">Santa Fe<\/a> <\/div>","protected":false},"excerpt":{"rendered":"<p>Es por estar vinculado el crimen de su madre y la pareja Desde el Ministerio P\u00fablico de la Acusaci\u00f3n solicitaron la colaboraci\u00f3n de la poblaci\u00f3n para dar con la persona que se ve en la imagen, identificada como Mauricio Marioncini, sindicado como autor del crimen ocurrido el este s\u00e1bado en Vera Mujica al 4800 de [&hellip;]<\/p>\n","protected":false},"author":2,"featured_media":14512,"comment_status":"open","ping_status":"open","sticky":false,"template":"","format":"standard","meta":{"_joinchat":[],"footnotes":""},"categories":[6,18,21,14,52],"tags":[95,55,65],"class_list":["post-14511","post","type-post","status-publish","format-standard","has-post-thumbnail","hentry","category-homicidios","category-institucional","category-noticias","category-policiales","category-te-buscamos","tag-noticias-de-rosario","tag-rosario","tag-santa-fe"],"_links":{"self":[{"href":"https:\/\/www.rosarioalerta.com.ar\/site\/wp-json\/wp\/v2\/posts\/14511","targetHints":{"allow":["GET"]}}],"collection":[{"href":"https:\/\/www.rosarioalerta.com.ar\/site\/wp-json\/wp\/v2\/posts"}],"about":[{"href":"https:\/\/www.rosarioalerta.com.ar\/site\/wp-json\/wp\/v2\/types\/post"}],"author":[{"embeddable":true,"href":"https:\/\/www.rosarioalerta.com.ar\/site\/wp-json\/wp\/v2\/users\/2"}],"replies":[{"embeddable":true,"href":"https:\/\/www.rosarioalerta.com.ar\/site\/wp-json\/wp\/v2\/comments?post=14511"}],"version-history":[{"count":1,"href":"https:\/\/www.rosarioalerta.com.ar\/site\/wp-json\/wp\/v2\/posts\/14511\/revisions"}],"predecessor-version":[{"id":14513,"href":"https:\/\/www.rosarioalerta.com.ar\/site\/wp-json\/wp\/v2\/posts\/14511\/revisions\/14513"}],"wp:featuredmedia":[{"embeddable":true,"href":"https:\/\/www.rosarioalerta.com.ar\/site\/wp-json\/wp\/v2\/media\/14512"}],"wp:attachment":[{"href":"https:\/\/www.rosarioalerta.com.ar\/site\/wp-json\/wp\/v2\/media?parent=14511"}],"wp:term":[{"taxonomy":"category","embeddable":true,"href":"https:\/\/www.rosarioalerta.com.ar\/site\/wp-json\/wp\/v2\/categories?post=14511"},{"taxonomy":"post_tag","embeddable":true,"href":"https:\/\/www.rosarioalerta.com.ar\/site\/wp-json\/wp\/v2\/tags?post=14511"}],"curies":[{"name":"wp","href":"https:\/\/api.w.org\/{rel}","templated":true}]}}