{"id":14489,"date":"2024-01-20T09:59:11","date_gmt":"2024-01-20T12:59:11","guid":{"rendered":"https:\/\/www.rosarioalerta.com.ar\/site\/?p=14489"},"modified":"2024-01-20T10:04:07","modified_gmt":"2024-01-20T13:04:07","slug":"investigan-otro-crimen-en-zona-sur","status":"publish","type":"post","link":"https:\/\/www.rosarioalerta.com.ar\/site\/archivos\/14489","title":{"rendered":"Investigan otro crimen en zona sur"},"content":{"rendered":"\n<p><\/p>\n\n\n\n<p>La v\u00edctima no est\u00e1 identificada y fue hallada en la v\u00eda p\u00fablica<\/p>\n\n\n\n<p>En las primeras horas de este s\u00e1bado un joven de entre 17 y 20 a\u00f1os fue encontrado sobre la vereda de una casa en <strong>\u00cdsola al 100 bis<\/strong>, con un disparo en el cr\u00e1neo y sin vida<\/p>\n\n\n\n<p>En el lugar trabaja personal del <strong>Gabinete Criminal\u00edstico de la PDI y el Dr Ferlazzo de la Unidad de Homicidios Dolosos<\/strong><\/p>\n\n\n\n<p class=\"has-text-align-center\"><strong>Se trata del s\u00e9ptimo crimen en lo que va de este 2024<\/strong><\/p>\n<div class=\"newspaper-x-tags\"><strong>TAGS: <\/strong><span><a href=\"https:\/\/www.rosarioalerta.com.ar\/site\/archivos\/tag\/noticias-de-rosario\" rel=\"tag\">Noticias de Rosario<\/a><\/span><a href=\"https:\/\/www.rosarioalerta.com.ar\/site\/archivos\/tag\/rosario\" rel=\"tag\">Rosario<\/a><\/span><a href=\"https:\/\/www.rosarioalerta.com.ar\/site\/archivos\/tag\/santa-fe\" rel=\"tag\">Santa Fe<\/a> <\/div>","protected":false},"excerpt":{"rendered":"<p>La v\u00edctima no est\u00e1 identificada y fue hallada en la v\u00eda p\u00fablica En las primeras horas de este s\u00e1bado un joven de entre 17 y 20 a\u00f1os fue encontrado sobre la vereda de una casa en \u00cdsola al 100 bis, con un disparo en el cr\u00e1neo y sin vida En el lugar trabaja personal del [&hellip;]<\/p>\n","protected":false},"author":2,"featured_media":14492,"comment_status":"open","ping_status":"open","sticky":false,"template":"","format":"standard","meta":{"_joinchat":[],"footnotes":""},"categories":[15,6,21,14],"tags":[95,55,65],"class_list":["post-14489","post","type-post","status-publish","format-standard","has-post-thumbnail","hentry","category-balaceras","category-homicidios","category-noticias","category-policiales","tag-noticias-de-rosario","tag-rosario","tag-santa-fe"],"_links":{"self":[{"href":"https:\/\/www.rosarioalerta.com.ar\/site\/wp-json\/wp\/v2\/posts\/14489","targetHints":{"allow":["GET"]}}],"collection":[{"href":"https:\/\/www.rosarioalerta.com.ar\/site\/wp-json\/wp\/v2\/posts"}],"about":[{"href":"https:\/\/www.rosarioalerta.com.ar\/site\/wp-json\/wp\/v2\/types\/post"}],"author":[{"embeddable":true,"href":"https:\/\/www.rosarioalerta.com.ar\/site\/wp-json\/wp\/v2\/users\/2"}],"replies":[{"embeddable":true,"href":"https:\/\/www.rosarioalerta.com.ar\/site\/wp-json\/wp\/v2\/comments?post=14489"}],"version-history":[{"count":1,"href":"https:\/\/www.rosarioalerta.com.ar\/site\/wp-json\/wp\/v2\/posts\/14489\/revisions"}],"predecessor-version":[{"id":14491,"href":"https:\/\/www.rosarioalerta.com.ar\/site\/wp-json\/wp\/v2\/posts\/14489\/revisions\/14491"}],"wp:featuredmedia":[{"embeddable":true,"href":"https:\/\/www.rosarioalerta.com.ar\/site\/wp-json\/wp\/v2\/media\/14492"}],"wp:attachment":[{"href":"https:\/\/www.rosarioalerta.com.ar\/site\/wp-json\/wp\/v2\/media?parent=14489"}],"wp:term":[{"taxonomy":"category","embeddable":true,"href":"https:\/\/www.rosarioalerta.com.ar\/site\/wp-json\/wp\/v2\/categories?post=14489"},{"taxonomy":"post_tag","embeddable":true,"href":"https:\/\/www.rosarioalerta.com.ar\/site\/wp-json\/wp\/v2\/tags?post=14489"}],"curies":[{"name":"wp","href":"https:\/\/api.w.org\/{rel}","templated":true}]}}