{"id":14436,"date":"2024-01-18T16:45:27","date_gmt":"2024-01-18T19:45:27","guid":{"rendered":"https:\/\/www.rosarioalerta.com.ar\/site\/?p=14436"},"modified":"2024-01-18T16:45:29","modified_gmt":"2024-01-18T19:45:29","slug":"la-direccion-de-bienestar-de-las-fuerzas-de-seguridad-realiza-diversas-acciones-para-las-fuerzas-policiales","status":"publish","type":"post","link":"https:\/\/www.rosarioalerta.com.ar\/site\/archivos\/14436","title":{"rendered":"La Direcci\u00f3n de Bienestar de las Fuerzas de Seguridad realiza diversas acciones para las fuerzas policiales"},"content":{"rendered":"\n<p><\/p>\n\n\n\n<p>Est\u00e1n enfocados en la mejora de infraestructura de las distintas sedes del ISeP, hasta la compra de nuevos uniformes para todos los miembros de las fuerzas de seguridad<\/p>\n\n\n\n<p>El gobierno de la provincia y el Ministerio de Justicia y Seguridad, a trav\u00e9s de la direcci\u00f3n de Bienestar de las fuerzas de seguridad, iniciaron desde el primer d\u00eda de gesti\u00f3n un exhaustivo acompa\u00f1amiento en todos los \u00f3rdenes a los miembros de las fuerzas de seguridad.<\/p>\n\n\n\n<p>La Direcci\u00f3n de Bienestar de las fuerzas de Seguridad, a cargo de Ignacio Paz, que viene trabajando bajo la \u00f3rbita de la Subsecretar\u00eda de Formaci\u00f3n, Capacitaci\u00f3n y Bienestar encabezada por el Director General (R) Marcelo Villanua, iniciaron gestiones para mejorar la infraestructura de las sedes del Instituto de Seguridad P\u00fablica, compra de uniformes, relevamiento de viviendas y&nbsp; en acuerdo con la Secretaria de Genero encabezada por Alicia Tate, para atender&nbsp; casos de violencia, acoso y&nbsp; discriminaci\u00f3n de g\u00e9nero que se dan dentro de las fuerzas de seguridad.<\/p>\n\n\n\n<p><strong>Las medidas<\/strong><\/p>\n\n\n\n<p>-Inspecci\u00f3n del estado edilicio y funcionamiento de distintas sedes de ISEP, dando marcha a expedientes para la mejora de infraestructura y la adquisici\u00f3n de materiales y equipos necesarios para la mejor formaci\u00f3n del cuerpo de cadetes y empleados policiales<\/p>\n\n\n\n<p>&#8211; Gesti\u00f3n, junto a las Agencia Nacional y Provincial de Seguridad Vial y el Ministerio de Justicia y Seguridad P\u00fablica, de cursos de manejo para sumar conductores a la fuerza, con el fin de tener mayor cantidad de choferes habilitados y por consiguiente mayor presencia policial en las calles, acorde a los lineamientos expresados p\u00fablicamente por el Gobernador y el Ministro de Seguridad.<\/p>\n\n\n\n<p>&#8211; La direcci\u00f3n de Bienestar, en acuerdo con la Secretaria de Genero encabezada por Alicia Tate, est\u00e1 atendiendo casos de violencia, acoso y discriminaci\u00f3n de g\u00e9nero que se dan dentro de las fuerzas de seguridad.<\/p>\n\n\n\n<p>-Atenci\u00f3n de casos de tentativa de suicidios de miembros de las fuerzas de seguridad aplicando un protocolo al respecto con acompa\u00f1amiento psicol\u00f3gico de su equipo de Psic\u00f3logos.<\/p>\n\n\n\n<p>&#8211; Coordinaci\u00f3n con el Director del IAPOS, Nolasco Salazar, en casos de expedientes no resueltos en gestiones anteriores para efectivos pasivos y activos de las fuerzas de seguridad.<\/p>\n\n\n\n<p>&#8211; Apertura de los procesos de concursos y ascensos inconclusos con atraso de tres a\u00f1os.<\/p>\n\n\n\n<p>&#8211; Licitaci\u00f3n de una nueva compra de uniformes para todos los miembros de las fuerzas de seguridad, policiales y penitenciarios.<\/p>\n\n\n\n<p>Coordinaci\u00f3n con la Direcci\u00f3n de Vivienda, a cargo de Lucas Crivelli, el problema habitacional de empleados policiales<\/p>\n<div class=\"newspaper-x-tags\"><strong>TAGS: <\/strong><span><a href=\"https:\/\/www.rosarioalerta.com.ar\/site\/archivos\/tag\/isep\" rel=\"tag\">ISEP<\/a><\/span><a href=\"https:\/\/www.rosarioalerta.com.ar\/site\/archivos\/tag\/noticias-de-rosario\" rel=\"tag\">Noticias de Rosario<\/a><\/span><a href=\"https:\/\/www.rosarioalerta.com.ar\/site\/archivos\/tag\/rosario\" rel=\"tag\">Rosario<\/a><\/span><a href=\"https:\/\/www.rosarioalerta.com.ar\/site\/archivos\/tag\/santa-fe\" rel=\"tag\">Santa Fe<\/a> <\/div>","protected":false},"excerpt":{"rendered":"<p>Est\u00e1n enfocados en la mejora de infraestructura de las distintas sedes del ISeP, hasta la compra de nuevos uniformes para todos los miembros de las fuerzas de seguridad El gobierno de la provincia y el Ministerio de Justicia y Seguridad, a trav\u00e9s de la direcci\u00f3n de Bienestar de las fuerzas de seguridad, iniciaron desde el [&hellip;]<\/p>\n","protected":false},"author":2,"featured_media":14437,"comment_status":"open","ping_status":"open","sticky":false,"template":"","format":"standard","meta":{"_joinchat":[],"footnotes":""},"categories":[18,21,14],"tags":[482,95,55,65],"class_list":["post-14436","post","type-post","status-publish","format-standard","has-post-thumbnail","hentry","category-institucional","category-noticias","category-policiales","tag-isep","tag-noticias-de-rosario","tag-rosario","tag-santa-fe"],"_links":{"self":[{"href":"https:\/\/www.rosarioalerta.com.ar\/site\/wp-json\/wp\/v2\/posts\/14436","targetHints":{"allow":["GET"]}}],"collection":[{"href":"https:\/\/www.rosarioalerta.com.ar\/site\/wp-json\/wp\/v2\/posts"}],"about":[{"href":"https:\/\/www.rosarioalerta.com.ar\/site\/wp-json\/wp\/v2\/types\/post"}],"author":[{"embeddable":true,"href":"https:\/\/www.rosarioalerta.com.ar\/site\/wp-json\/wp\/v2\/users\/2"}],"replies":[{"embeddable":true,"href":"https:\/\/www.rosarioalerta.com.ar\/site\/wp-json\/wp\/v2\/comments?post=14436"}],"version-history":[{"count":1,"href":"https:\/\/www.rosarioalerta.com.ar\/site\/wp-json\/wp\/v2\/posts\/14436\/revisions"}],"predecessor-version":[{"id":14438,"href":"https:\/\/www.rosarioalerta.com.ar\/site\/wp-json\/wp\/v2\/posts\/14436\/revisions\/14438"}],"wp:featuredmedia":[{"embeddable":true,"href":"https:\/\/www.rosarioalerta.com.ar\/site\/wp-json\/wp\/v2\/media\/14437"}],"wp:attachment":[{"href":"https:\/\/www.rosarioalerta.com.ar\/site\/wp-json\/wp\/v2\/media?parent=14436"}],"wp:term":[{"taxonomy":"category","embeddable":true,"href":"https:\/\/www.rosarioalerta.com.ar\/site\/wp-json\/wp\/v2\/categories?post=14436"},{"taxonomy":"post_tag","embeddable":true,"href":"https:\/\/www.rosarioalerta.com.ar\/site\/wp-json\/wp\/v2\/tags?post=14436"}],"curies":[{"name":"wp","href":"https:\/\/api.w.org\/{rel}","templated":true}]}}