{"id":13769,"date":"2023-12-21T08:11:21","date_gmt":"2023-12-21T11:11:21","guid":{"rendered":"https:\/\/www.rosarioalerta.com.ar\/site\/?p=13769"},"modified":"2023-12-21T08:11:23","modified_gmt":"2023-12-21T11:11:23","slug":"nueva-fuga-de-presos-en-la-comisaria-21","status":"publish","type":"post","link":"https:\/\/www.rosarioalerta.com.ar\/site\/archivos\/13769","title":{"rendered":"Nueva fuga de presos en la Comisar\u00eda 21"},"content":{"rendered":"\n<p><\/p>\n\n\n\n<p>Era una de las seccionales que no pudo llegar a ser vaciadas y contaba con sobrepoblaci\u00f3n<\/p>\n\n\n\n<p>Esta madrugada se produjo una fuga en la <strong>Comisar\u00eda 21\u00ba<\/strong> de <strong>calle Arij\u00f3n al 2300<\/strong>, en Rosario. De las primeras informaciones, se pudo establecer que los evadidos ser\u00edan 25 reclusos de los cuales fueron recapturados 9.<\/p>\n\n\n\n<p>Fuentes del ministerio de Seguridad, adelantaron que el penal est\u00e1 acondicionado para alojar <strong>a 16 reclusos y en el lugar hab\u00eda 48<\/strong>. Sobre los cuales en el transcurso del d\u00eda se eval\u00faan sus traslados<\/p>\n\n\n\n<p>En la zona hay un gran operativo en procura de los evadidos. Esta no es la primera evasi\u00f3n en el a\u00f1o de esta seccional, durante la gesti\u00f3n de Perotti y sus cuatro ministros de seguridad, la m\u00e1s reciente tuvo lugar en el mes de junio<\/p>\n<div class=\"newspaper-x-tags\"><strong>TAGS: <\/strong><span><a href=\"https:\/\/www.rosarioalerta.com.ar\/site\/archivos\/tag\/noticias-de-rosario\" rel=\"tag\">Noticias de Rosario<\/a><\/span><a href=\"https:\/\/www.rosarioalerta.com.ar\/site\/archivos\/tag\/rosario\" rel=\"tag\">Rosario<\/a><\/span><a href=\"https:\/\/www.rosarioalerta.com.ar\/site\/archivos\/tag\/santa-fe\" rel=\"tag\">Santa Fe<\/a> <\/div>","protected":false},"excerpt":{"rendered":"<p>Era una de las seccionales que no pudo llegar a ser vaciadas y contaba con sobrepoblaci\u00f3n Esta madrugada se produjo una fuga en la Comisar\u00eda 21\u00ba de calle Arij\u00f3n al 2300, en Rosario. De las primeras informaciones, se pudo establecer que los evadidos ser\u00edan 25 reclusos de los cuales fueron recapturados 9. Fuentes del ministerio [&hellip;]<\/p>\n","protected":false},"author":2,"featured_media":13770,"comment_status":"open","ping_status":"open","sticky":false,"template":"","format":"standard","meta":{"_joinchat":[],"footnotes":""},"categories":[11,66,21,14],"tags":[95,55,65],"class_list":["post-13769","post","type-post","status-publish","format-standard","has-post-thumbnail","hentry","category-detenidos","category-inseguridad","category-noticias","category-policiales","tag-noticias-de-rosario","tag-rosario","tag-santa-fe"],"_links":{"self":[{"href":"https:\/\/www.rosarioalerta.com.ar\/site\/wp-json\/wp\/v2\/posts\/13769","targetHints":{"allow":["GET"]}}],"collection":[{"href":"https:\/\/www.rosarioalerta.com.ar\/site\/wp-json\/wp\/v2\/posts"}],"about":[{"href":"https:\/\/www.rosarioalerta.com.ar\/site\/wp-json\/wp\/v2\/types\/post"}],"author":[{"embeddable":true,"href":"https:\/\/www.rosarioalerta.com.ar\/site\/wp-json\/wp\/v2\/users\/2"}],"replies":[{"embeddable":true,"href":"https:\/\/www.rosarioalerta.com.ar\/site\/wp-json\/wp\/v2\/comments?post=13769"}],"version-history":[{"count":1,"href":"https:\/\/www.rosarioalerta.com.ar\/site\/wp-json\/wp\/v2\/posts\/13769\/revisions"}],"predecessor-version":[{"id":13771,"href":"https:\/\/www.rosarioalerta.com.ar\/site\/wp-json\/wp\/v2\/posts\/13769\/revisions\/13771"}],"wp:featuredmedia":[{"embeddable":true,"href":"https:\/\/www.rosarioalerta.com.ar\/site\/wp-json\/wp\/v2\/media\/13770"}],"wp:attachment":[{"href":"https:\/\/www.rosarioalerta.com.ar\/site\/wp-json\/wp\/v2\/media?parent=13769"}],"wp:term":[{"taxonomy":"category","embeddable":true,"href":"https:\/\/www.rosarioalerta.com.ar\/site\/wp-json\/wp\/v2\/categories?post=13769"},{"taxonomy":"post_tag","embeddable":true,"href":"https:\/\/www.rosarioalerta.com.ar\/site\/wp-json\/wp\/v2\/tags?post=13769"}],"curies":[{"name":"wp","href":"https:\/\/api.w.org\/{rel}","templated":true}]}}