{"id":13756,"date":"2023-12-20T14:16:18","date_gmt":"2023-12-20T17:16:18","guid":{"rendered":"https:\/\/www.rosarioalerta.com.ar\/site\/?p=13756"},"modified":"2023-12-20T14:18:01","modified_gmt":"2023-12-20T17:18:01","slug":"un-detenido-por-el-crimen-de-leoncio-bermudez","status":"publish","type":"post","link":"https:\/\/www.rosarioalerta.com.ar\/site\/archivos\/13756","title":{"rendered":"Un detenido por el crimen de Leoncio Berm\u00fadez\u00a0"},"content":{"rendered":"\n<p><\/p>\n\n\n\n<p>Fue tras un allanamiento en zona sur<\/p>\n\n\n\n<p>La <strong>Polic\u00eda de Investigaciones<\/strong>, dependiente del Ministerio de Justicia y Seguridad, detuvo este mi\u00e9rcoles en inmediaciones de calles <strong>Pte Roca y Anchorena<\/strong> a un joven de 23 a\u00f1os, en el marco de la causa que investiga el crimen del polic\u00eda <strong>Leoncio Berm\u00fadez<\/strong>.<\/p>\n\n\n\n<p>Se trata de <strong>Pablo S<\/strong>, quien est\u00e1 sospechado de ser una de las personas que el pasado 14 de noviembre ingres\u00f3 al <strong>Hospital Provincial<\/strong> a rescatar a un preso y en donde finalmente terminaron con la vida del polic\u00eda<a href=\"https:\/\/www.rosarioalerta.com.ar\/site\/archivos\/13130\" data-type=\"link\" data-id=\"https:\/\/www.rosarioalerta.com.ar\/site\/archivos\/13130\"> <strong>Leoncio Berm\u00fadez.<\/strong><\/a><strong>\u00a0<\/strong><\/p>\n\n\n\n<p>El arresto fue llevado a cabo por personal de la <strong>Divisi\u00f3n de Homicidios de la Polic\u00eda de Investigaciones (PDI).<\/strong><\/p>\n\n\n\n<p>Interviene la Fiscal\u00eda Regional de Rosario, a cargo de la <strong>Dra. Gisela Paolicelli.<\/strong><\/p>\n<div class=\"newspaper-x-tags\"><strong>TAGS: <\/strong><span><a href=\"https:\/\/www.rosarioalerta.com.ar\/site\/archivos\/tag\/noticias-de-rosario\" rel=\"tag\">Noticias de Rosario<\/a><\/span><a href=\"https:\/\/www.rosarioalerta.com.ar\/site\/archivos\/tag\/rosario\" rel=\"tag\">Rosario<\/a><\/span><a href=\"https:\/\/www.rosarioalerta.com.ar\/site\/archivos\/tag\/santa-fe\" rel=\"tag\">Santa Fe<\/a> <\/div>","protected":false},"excerpt":{"rendered":"<p>Fue tras un allanamiento en zona sur La Polic\u00eda de Investigaciones, dependiente del Ministerio de Justicia y Seguridad, detuvo este mi\u00e9rcoles en inmediaciones de calles Pte Roca y Anchorena a un joven de 23 a\u00f1os, en el marco de la causa que investiga el crimen del polic\u00eda Leoncio Berm\u00fadez. Se trata de Pablo S, quien [&hellip;]<\/p>\n","protected":false},"author":2,"featured_media":13757,"comment_status":"open","ping_status":"open","sticky":false,"template":"","format":"standard","meta":{"_joinchat":[],"footnotes":""},"categories":[12,11,6,21,14],"tags":[95,55,65],"class_list":["post-13756","post","type-post","status-publish","format-standard","has-post-thumbnail","hentry","category-allanamientos","category-detenidos","category-homicidios","category-noticias","category-policiales","tag-noticias-de-rosario","tag-rosario","tag-santa-fe"],"_links":{"self":[{"href":"https:\/\/www.rosarioalerta.com.ar\/site\/wp-json\/wp\/v2\/posts\/13756","targetHints":{"allow":["GET"]}}],"collection":[{"href":"https:\/\/www.rosarioalerta.com.ar\/site\/wp-json\/wp\/v2\/posts"}],"about":[{"href":"https:\/\/www.rosarioalerta.com.ar\/site\/wp-json\/wp\/v2\/types\/post"}],"author":[{"embeddable":true,"href":"https:\/\/www.rosarioalerta.com.ar\/site\/wp-json\/wp\/v2\/users\/2"}],"replies":[{"embeddable":true,"href":"https:\/\/www.rosarioalerta.com.ar\/site\/wp-json\/wp\/v2\/comments?post=13756"}],"version-history":[{"count":2,"href":"https:\/\/www.rosarioalerta.com.ar\/site\/wp-json\/wp\/v2\/posts\/13756\/revisions"}],"predecessor-version":[{"id":13759,"href":"https:\/\/www.rosarioalerta.com.ar\/site\/wp-json\/wp\/v2\/posts\/13756\/revisions\/13759"}],"wp:featuredmedia":[{"embeddable":true,"href":"https:\/\/www.rosarioalerta.com.ar\/site\/wp-json\/wp\/v2\/media\/13757"}],"wp:attachment":[{"href":"https:\/\/www.rosarioalerta.com.ar\/site\/wp-json\/wp\/v2\/media?parent=13756"}],"wp:term":[{"taxonomy":"category","embeddable":true,"href":"https:\/\/www.rosarioalerta.com.ar\/site\/wp-json\/wp\/v2\/categories?post=13756"},{"taxonomy":"post_tag","embeddable":true,"href":"https:\/\/www.rosarioalerta.com.ar\/site\/wp-json\/wp\/v2\/tags?post=13756"}],"curies":[{"name":"wp","href":"https:\/\/api.w.org\/{rel}","templated":true}]}}