{"id":13691,"date":"2023-12-17T11:07:47","date_gmt":"2023-12-17T14:07:47","guid":{"rendered":"https:\/\/www.rosarioalerta.com.ar\/site\/?p=13691"},"modified":"2023-12-17T11:07:48","modified_gmt":"2023-12-17T14:07:48","slug":"capacitaron-bomberos-y-municipales-en-rescate-vehicular","status":"publish","type":"post","link":"https:\/\/www.rosarioalerta.com.ar\/site\/archivos\/13691","title":{"rendered":"Capacitaron Bomberos y municipales en rescate vehicular\u00a0"},"content":{"rendered":"\n<p><\/p>\n\n\n\n<p>Con veh\u00edculos que ten\u00edan destino de compactaci\u00f3n y fueron cedidos por la Municipalidad<\/p>\n\n\n\n<p>Un grupo de Bomberos Zapadores de Rosario, dependientes de la Direcci\u00f3n General de Bomberos de la Polic\u00eda de Santa Fe, llev\u00f3 a cabo una capacitaci\u00f3n en rescate vehicular.<\/p>\n\n\n\n<p>En el marco del programa de capacitaci\u00f3n continua de los Bomberos Zapadores, hoy, a partir de 8:30, en el corral\u00f3n municipal Oeste de Pte Per\u00f3n al 8000, se realiz\u00f3 una capacitaci\u00f3n de Rescate Vehicular.<\/p>\n\n\n\n<p>La jornada se desarroll\u00f3 en dos turnos y ocup\u00f3 todo el d\u00eda.<\/p>\n\n\n\n<p>Extracci\u00f3n de la v\u00edctima, evaluaci\u00f3n y control de riesgos, estabilizaci\u00f3n del veh\u00edculo, forzar y quitar puertas y techos, fueron algunas de las pr\u00e1cticas que se llevaron a cabo.<\/p>\n\n\n\n<p>La Municipalidad colabor\u00f3 con el aporte del predio y de los veh\u00edculos, que ten\u00edan destino de compactaci\u00f3n.<\/p>\n\n\n\n<p>Gast\u00f3n Laville, Administrador General del Tribunal Municipal de Faltas, expres\u00f3 al respecto: \u201cdesde el Municipio hemos dado un mejor prop\u00f3sito a los veh\u00edculos que tienen destino de comparaci\u00f3n. Es un orgullo poder colaborar con la noble causa que significa preparar en el trabajo de campo a nuestros bomberos. El trabajo mancomunado entre Municipalidad y Provincia ser\u00e1 clave para forjar un mejor porvenir para toda la comunidad\u201d.<\/p>\n\n\n\n<p>Para llevar adelante el trabajo, los Bomberos Zapadores cuentan con instrumentos de corte y herramientas hidr\u00e1ulicas, que son necesarios para intervenir en un siniestro vial si hay una o varias v\u00edctimas atrapadas en el interior del veh\u00edculo.<\/p>\n\n\n\n<p>Debido al crecimiento demogr\u00e1fico y del parque automotor, las grandes urbes como Rosario, deben cada vez m\u00e1s especializarse en este tipo de acciones de rescate, generando personal id\u00f3neo para situaciones de riesgo.<\/p>\n\n\n\n<p>Esta capacitaci\u00f3n tiene como objetivo seguir profesionalizando al personal y cuenta con el aval acad\u00e9mico del Ministerio de Justicia y Seguridad de la Provincia de Santa Fe, a trav\u00e9s del Instituto de Seguridad P\u00fablica.<\/p>\n\n\n\n<p>Los bomberos que formaron parte de la jornada recibieron un Certificado que dio cuenta de su participaci\u00f3n.<\/p>\n\n\n\n<p>El jefe de los Bomberos Zapadores de Rosario, Comisario Supervisor Ismael Lo Menzo, al finalizar las actividades, destac\u00f3: &#8220;Con esta capacitaci\u00f3n intensiva, los Bomberos Zapadores de Rosario demostraron una vez m\u00e1s su compromiso con la seguridad ciudadana, al revalidar todo lo que ya saben, y adquirir nuevos conocimientos; en esta oportunidad, en t\u00e9cnicas especializadas, utilizando veh\u00edculos cedidos por la Municipalidad, en una clara muestra de colaboraci\u00f3n multiagencial. Agradecemos este apoyo y ratificamos nuestro prop\u00f3sito de seguir perfeccionando el trabajo operativo de nuestro equipo, para poder intervenir eficazmente en las situaciones de riesgo que as\u00ed lo requieran.&#8221;<\/p>\n<div class=\"newspaper-x-tags\"><strong>TAGS: <\/strong><span><a href=\"https:\/\/www.rosarioalerta.com.ar\/site\/archivos\/tag\/noticias-de-rosario\" rel=\"tag\">Noticias de Rosario<\/a><\/span><a href=\"https:\/\/www.rosarioalerta.com.ar\/site\/archivos\/tag\/rosario\" rel=\"tag\">Rosario<\/a><\/span><a href=\"https:\/\/www.rosarioalerta.com.ar\/site\/archivos\/tag\/santa-fe\" rel=\"tag\">Santa Fe<\/a> <\/div>","protected":false},"excerpt":{"rendered":"<p>Con veh\u00edculos que ten\u00edan destino de compactaci\u00f3n y fueron cedidos por la Municipalidad Un grupo de Bomberos Zapadores de Rosario, dependientes de la Direcci\u00f3n General de Bomberos de la Polic\u00eda de Santa Fe, llev\u00f3 a cabo una capacitaci\u00f3n en rescate vehicular. En el marco del programa de capacitaci\u00f3n continua de los Bomberos Zapadores, hoy, a [&hellip;]<\/p>\n","protected":false},"author":2,"featured_media":13692,"comment_status":"open","ping_status":"open","sticky":false,"template":"","format":"standard","meta":{"_joinchat":[],"footnotes":""},"categories":[18,21,19,10],"tags":[95,55,65],"class_list":["post-13691","post","type-post","status-publish","format-standard","has-post-thumbnail","hentry","category-institucional","category-noticias","category-seguridad-vial","category-siniestros-viales","tag-noticias-de-rosario","tag-rosario","tag-santa-fe"],"_links":{"self":[{"href":"https:\/\/www.rosarioalerta.com.ar\/site\/wp-json\/wp\/v2\/posts\/13691","targetHints":{"allow":["GET"]}}],"collection":[{"href":"https:\/\/www.rosarioalerta.com.ar\/site\/wp-json\/wp\/v2\/posts"}],"about":[{"href":"https:\/\/www.rosarioalerta.com.ar\/site\/wp-json\/wp\/v2\/types\/post"}],"author":[{"embeddable":true,"href":"https:\/\/www.rosarioalerta.com.ar\/site\/wp-json\/wp\/v2\/users\/2"}],"replies":[{"embeddable":true,"href":"https:\/\/www.rosarioalerta.com.ar\/site\/wp-json\/wp\/v2\/comments?post=13691"}],"version-history":[{"count":1,"href":"https:\/\/www.rosarioalerta.com.ar\/site\/wp-json\/wp\/v2\/posts\/13691\/revisions"}],"predecessor-version":[{"id":13693,"href":"https:\/\/www.rosarioalerta.com.ar\/site\/wp-json\/wp\/v2\/posts\/13691\/revisions\/13693"}],"wp:featuredmedia":[{"embeddable":true,"href":"https:\/\/www.rosarioalerta.com.ar\/site\/wp-json\/wp\/v2\/media\/13692"}],"wp:attachment":[{"href":"https:\/\/www.rosarioalerta.com.ar\/site\/wp-json\/wp\/v2\/media?parent=13691"}],"wp:term":[{"taxonomy":"category","embeddable":true,"href":"https:\/\/www.rosarioalerta.com.ar\/site\/wp-json\/wp\/v2\/categories?post=13691"},{"taxonomy":"post_tag","embeddable":true,"href":"https:\/\/www.rosarioalerta.com.ar\/site\/wp-json\/wp\/v2\/tags?post=13691"}],"curies":[{"name":"wp","href":"https:\/\/api.w.org\/{rel}","templated":true}]}}