{"id":13656,"date":"2023-12-15T09:33:47","date_gmt":"2023-12-15T12:33:47","guid":{"rendered":"https:\/\/www.rosarioalerta.com.ar\/site\/?p=13656"},"modified":"2023-12-15T09:33:49","modified_gmt":"2023-12-15T12:33:49","slug":"asaltaron-a-un-remisero","status":"publish","type":"post","link":"https:\/\/www.rosarioalerta.com.ar\/site\/archivos\/13656","title":{"rendered":"Asaltaron a un remisero"},"content":{"rendered":"\n<p><\/p>\n\n\n\n<p>La polic\u00eda logr\u00f3 aprehenderlo en las inmediaciones<\/p>\n\n\n\n<p>En horas de la madrugada de este viernes, el chofer de un remis, denunci\u00f3 haber sido asaltado en inmediaciones de <strong>Intendente Andreu y Alem<\/strong>, en la vecina localidad de <strong>Villa Gobernador G\u00e1lvez<\/strong>. Tras el arribo del personal policial, realizaron un patrullaje y en las cercan\u00edas, lograron dar con un sujeto de similares caracter\u00edsticas. El delincuente, era un joven de 26 a\u00f1os y le secuestraron un bolso donde llevaba un rev\u00f3lver calibre 38 con tres municiones percutadas y dos casquillos del mismo calibre, un cuchillo, una billetera con dinero y documentaci\u00f3n de la v\u00edctima y un celular, elementos que fueron secuestrados y entregados en <strong>Comisar\u00eda 29\u00b0.<\/strong><\/p>\n\n\n\n<p>En tanto el aprehendido fue trasladado al <strong>Hospital Gamen<\/strong> donde fue asistido por un traumatismo encefalocraneal&nbsp; quedando en observaci\u00f3n.<\/p>\n\n\n\n<p>Mientras tanto en Rosario, en un patrullaje de rutina, identificaron a un hombre que llevaba dentro de un bolso, varios accesorios met\u00e1licos. El hecho se registr\u00f3 durante la madrugada en <strong>24 de Septiembre y Pueyrred\u00f3n<\/strong>. Dentro del bolso, secuestraron; cuatro llaves de paso de bronce, un medidor de agua con numeraci\u00f3n y su correspondiente llave y dos uniones con tuercas met\u00e1licas. El sujeto de 41 a\u00f1os fue aprehendido y junto al secuestro fueron trasladados a la <strong>Comisar\u00eda 21\u00b0<\/strong><\/p>\n<div class=\"newspaper-x-tags\"><strong>TAGS: <\/strong><span><a href=\"https:\/\/www.rosarioalerta.com.ar\/site\/archivos\/tag\/noticias-de-rosario\" rel=\"tag\">Noticias de Rosario<\/a><\/span><a href=\"https:\/\/www.rosarioalerta.com.ar\/site\/archivos\/tag\/rosario\" rel=\"tag\">Rosario<\/a><\/span><a href=\"https:\/\/www.rosarioalerta.com.ar\/site\/archivos\/tag\/santa-fe\" rel=\"tag\">Santa Fe<\/a><\/span><a href=\"https:\/\/www.rosarioalerta.com.ar\/site\/archivos\/tag\/seguridad\" rel=\"tag\">Seguridad<\/a> <\/div>","protected":false},"excerpt":{"rendered":"<p>La polic\u00eda logr\u00f3 aprehenderlo en las inmediaciones En horas de la madrugada de este viernes, el chofer de un remis, denunci\u00f3 haber sido asaltado en inmediaciones de Intendente Andreu y Alem, en la vecina localidad de Villa Gobernador G\u00e1lvez. Tras el arribo del personal policial, realizaron un patrullaje y en las cercan\u00edas, lograron dar con [&hellip;]<\/p>\n","protected":false},"author":2,"featured_media":13657,"comment_status":"open","ping_status":"open","sticky":false,"template":"","format":"standard","meta":{"_joinchat":[],"footnotes":""},"categories":[11,21,14],"tags":[95,55,65,458],"class_list":["post-13656","post","type-post","status-publish","format-standard","has-post-thumbnail","hentry","category-detenidos","category-noticias","category-policiales","tag-noticias-de-rosario","tag-rosario","tag-santa-fe","tag-seguridad"],"_links":{"self":[{"href":"https:\/\/www.rosarioalerta.com.ar\/site\/wp-json\/wp\/v2\/posts\/13656","targetHints":{"allow":["GET"]}}],"collection":[{"href":"https:\/\/www.rosarioalerta.com.ar\/site\/wp-json\/wp\/v2\/posts"}],"about":[{"href":"https:\/\/www.rosarioalerta.com.ar\/site\/wp-json\/wp\/v2\/types\/post"}],"author":[{"embeddable":true,"href":"https:\/\/www.rosarioalerta.com.ar\/site\/wp-json\/wp\/v2\/users\/2"}],"replies":[{"embeddable":true,"href":"https:\/\/www.rosarioalerta.com.ar\/site\/wp-json\/wp\/v2\/comments?post=13656"}],"version-history":[{"count":1,"href":"https:\/\/www.rosarioalerta.com.ar\/site\/wp-json\/wp\/v2\/posts\/13656\/revisions"}],"predecessor-version":[{"id":13658,"href":"https:\/\/www.rosarioalerta.com.ar\/site\/wp-json\/wp\/v2\/posts\/13656\/revisions\/13658"}],"wp:featuredmedia":[{"embeddable":true,"href":"https:\/\/www.rosarioalerta.com.ar\/site\/wp-json\/wp\/v2\/media\/13657"}],"wp:attachment":[{"href":"https:\/\/www.rosarioalerta.com.ar\/site\/wp-json\/wp\/v2\/media?parent=13656"}],"wp:term":[{"taxonomy":"category","embeddable":true,"href":"https:\/\/www.rosarioalerta.com.ar\/site\/wp-json\/wp\/v2\/categories?post=13656"},{"taxonomy":"post_tag","embeddable":true,"href":"https:\/\/www.rosarioalerta.com.ar\/site\/wp-json\/wp\/v2\/tags?post=13656"}],"curies":[{"name":"wp","href":"https:\/\/api.w.org\/{rel}","templated":true}]}}