{"id":12967,"date":"2023-11-06T07:27:56","date_gmt":"2023-11-06T10:27:56","guid":{"rendered":"https:\/\/www.rosarioalerta.com.ar\/site\/?p=12967"},"modified":"2023-11-06T07:27:57","modified_gmt":"2023-11-06T10:27:57","slug":"relato-salvaje-un-conductor-choco-y-se-peleo-con-un-taxista","status":"publish","type":"post","link":"https:\/\/www.rosarioalerta.com.ar\/site\/archivos\/12967","title":{"rendered":"Relato Salvaje: Un conductor choc\u00f3 y se pele\u00f3 con un taxista"},"content":{"rendered":"\n<p><\/p>\n\n\n\n<p>Estaba alcoholizado y el narco test le dio positivo, el auto, fue trasladado al corral\u00f3n municipal<\/p>\n\n\n\n<p>En horas de la madrugada un automovilista particular circulaba por <strong>Rodr\u00edguez<\/strong> a gran velocidad y al llegar a <strong>Santa Fe<\/strong> colisiona al chofer de un taxi (3845). El conductor profesional, tuvo que ser asistido por el <strong>SIES<\/strong> y el procedimiento lo trasladaron a la seccional policial, donde aguardaban al personal de la <strong>Secretar\u00eda de Control<\/strong> para la pr\u00e1ctica del narco test y alcoholemia, los cuales habr\u00edan arrojado positivo<\/p>\n\n\n\n<p>Tras el choque, el conductor del rodado particular se puso violento y estaba fuera de s\u00ed, remarcaron testigos de la escena. Adem\u00e1s trascendi\u00f3 que dentro del rodado incautaron estupefacientes<\/p>\n\n\n\n<figure class=\"wp-block-image size-large\"><img loading=\"lazy\" decoding=\"async\" width=\"1024\" height=\"576\" src=\"https:\/\/www.rosarioalerta.com.ar\/site\/wp-content\/uploads\/2023\/11\/choque-4-1024x576.jpg\" alt=\"\" class=\"wp-image-12968\" srcset=\"https:\/\/www.rosarioalerta.com.ar\/site\/wp-content\/uploads\/2023\/11\/choque-4-1024x576.jpg 1024w, https:\/\/www.rosarioalerta.com.ar\/site\/wp-content\/uploads\/2023\/11\/choque-4-300x169.jpg 300w, https:\/\/www.rosarioalerta.com.ar\/site\/wp-content\/uploads\/2023\/11\/choque-4-768x432.jpg 768w, https:\/\/www.rosarioalerta.com.ar\/site\/wp-content\/uploads\/2023\/11\/choque-4-1536x864.jpg 1536w, https:\/\/www.rosarioalerta.com.ar\/site\/wp-content\/uploads\/2023\/11\/choque-4-696x392.jpg 696w, https:\/\/www.rosarioalerta.com.ar\/site\/wp-content\/uploads\/2023\/11\/choque-4-1068x601.jpg 1068w, https:\/\/www.rosarioalerta.com.ar\/site\/wp-content\/uploads\/2023\/11\/choque-4-747x420.jpg 747w, https:\/\/www.rosarioalerta.com.ar\/site\/wp-content\/uploads\/2023\/11\/choque-4.jpg 1920w\" sizes=\"auto, (max-width: 1024px) 100vw, 1024px\" \/><\/figure>\n\n\n\n<p>Ayer al mediod\u00eda, en <strong>Mendoza al 2200<\/strong>, tambi\u00e9n detectaron una conducci\u00f3n peligrosa y detuvieron a quien estaba al mando del rodado. El test de alcoholemia arroj\u00f3 1,72 g\/l de alcohol en sangre<\/p>\n\n\n\n<blockquote class=\"twitter-tweet\"><p lang=\"es\" dir=\"ltr\">PELIGRO AL VOLANTE<br>Agentes de tr\u00e1nsito detectaron un conductor conduciendo de manera temeraria en Mendoza al 2200.<br><br>Realizan test de alcoholemia dando 1,72 g\/l de alcohol en sangre<br><br>Remitimos el veh\u00edculo al corral\u00f3n, retuvimos su licencia y ser\u00e1 juzgado por el tribunal de faltas. <a href=\"https:\/\/t.co\/5O1M3MIASY\">pic.twitter.com\/5O1M3MIASY<\/a><\/p>&mdash; Carolina Labayru (@CaroLabayru) <a href=\"https:\/\/twitter.com\/CaroLabayru\/status\/1721214933214359703?ref_src=twsrc%5Etfw\">November 5, 2023<\/a><\/blockquote> <script async src=\"https:\/\/platform.twitter.com\/widgets.js\" charset=\"utf-8\"><\/script> \n<div class=\"newspaper-x-tags\"><strong>TAGS: <\/strong><span><a href=\"https:\/\/www.rosarioalerta.com.ar\/site\/archivos\/tag\/noticias-de-rosario\" rel=\"tag\">Noticias de Rosario<\/a><\/span><a href=\"https:\/\/www.rosarioalerta.com.ar\/site\/archivos\/tag\/rosario\" rel=\"tag\">Rosario<\/a><\/span><a href=\"https:\/\/www.rosarioalerta.com.ar\/site\/archivos\/tag\/santa-fe\" rel=\"tag\">Santa Fe<\/a> <\/div>","protected":false},"excerpt":{"rendered":"<p>Estaba alcoholizado y el narco test le dio positivo, el auto, fue trasladado al corral\u00f3n municipal En horas de la madrugada un automovilista particular circulaba por Rodr\u00edguez a gran velocidad y al llegar a Santa Fe colisiona al chofer de un taxi (3845). El conductor profesional, tuvo que ser asistido por el SIES y el [&hellip;]<\/p>\n","protected":false},"author":2,"featured_media":12969,"comment_status":"open","ping_status":"open","sticky":false,"template":"","format":"standard","meta":{"_joinchat":[],"footnotes":""},"categories":[66,21,14,10,53],"tags":[95,55,65],"class_list":["post-12967","post","type-post","status-publish","format-standard","has-post-thumbnail","hentry","category-inseguridad","category-noticias","category-policiales","category-siniestros-viales","category-taxis","tag-noticias-de-rosario","tag-rosario","tag-santa-fe"],"_links":{"self":[{"href":"https:\/\/www.rosarioalerta.com.ar\/site\/wp-json\/wp\/v2\/posts\/12967","targetHints":{"allow":["GET"]}}],"collection":[{"href":"https:\/\/www.rosarioalerta.com.ar\/site\/wp-json\/wp\/v2\/posts"}],"about":[{"href":"https:\/\/www.rosarioalerta.com.ar\/site\/wp-json\/wp\/v2\/types\/post"}],"author":[{"embeddable":true,"href":"https:\/\/www.rosarioalerta.com.ar\/site\/wp-json\/wp\/v2\/users\/2"}],"replies":[{"embeddable":true,"href":"https:\/\/www.rosarioalerta.com.ar\/site\/wp-json\/wp\/v2\/comments?post=12967"}],"version-history":[{"count":1,"href":"https:\/\/www.rosarioalerta.com.ar\/site\/wp-json\/wp\/v2\/posts\/12967\/revisions"}],"predecessor-version":[{"id":12970,"href":"https:\/\/www.rosarioalerta.com.ar\/site\/wp-json\/wp\/v2\/posts\/12967\/revisions\/12970"}],"wp:featuredmedia":[{"embeddable":true,"href":"https:\/\/www.rosarioalerta.com.ar\/site\/wp-json\/wp\/v2\/media\/12969"}],"wp:attachment":[{"href":"https:\/\/www.rosarioalerta.com.ar\/site\/wp-json\/wp\/v2\/media?parent=12967"}],"wp:term":[{"taxonomy":"category","embeddable":true,"href":"https:\/\/www.rosarioalerta.com.ar\/site\/wp-json\/wp\/v2\/categories?post=12967"},{"taxonomy":"post_tag","embeddable":true,"href":"https:\/\/www.rosarioalerta.com.ar\/site\/wp-json\/wp\/v2\/tags?post=12967"}],"curies":[{"name":"wp","href":"https:\/\/api.w.org\/{rel}","templated":true}]}}