{"id":12651,"date":"2023-10-18T17:32:12","date_gmt":"2023-10-18T20:32:12","guid":{"rendered":"https:\/\/www.rosarioalerta.com.ar\/site\/?p=12651"},"modified":"2023-10-18T17:37:17","modified_gmt":"2023-10-18T20:37:17","slug":"dictaron-la-prision-preventiva-para-ariel-cabrera","status":"publish","type":"post","link":"https:\/\/www.rosarioalerta.com.ar\/site\/archivos\/12651","title":{"rendered":"Dictaron la prisi\u00f3n preventiva para Ariel Cabrera"},"content":{"rendered":"\n<p><\/p>\n\n\n\n<p>A\u00fan sigue pr\u00f3fugo <strong>Dami\u00e1n Reinfestuel<\/strong> y otro sujeto sin identificar<\/p>\n\n\n\n<p>Este mi\u00e9rcoles, se llev\u00f3 adelante la audiencia imputativa contra <strong>Ariel<\/strong> <strong>Mat\u00edas Cabrera<\/strong>, a quien el Fiscal <strong>Gast\u00f3n \u00c1vila<\/strong> le atribuy\u00f3 el delito de homicidio agravado por ser cometido con ocasi\u00f3n de espect\u00e1culo deportivo, en grado consumado en car\u00e1cter de coautor. El Juez de primera instancia <strong>Florentino Malaponte<\/strong> tuvo por formalizada la audiencia imputativa y le dict\u00f3 la prisi\u00f3n preventiva por el plazo de ley.<\/p>\n\n\n\n<p>La Fiscal\u00eda le atribuye el hecho ocurrido el pasado 30 de septiembre en inmediaciones de <strong>Montevideo y Ov. Lagos<\/strong>, donde es asesinada<strong> Ivana Garcilazo<\/strong>, y quienes colaboran con <strong>Cabrera<\/strong> ser\u00edan <strong>Reinfestuel<\/strong> (pr\u00f3fugo con pedido de captura) y con al menos otro masculino a\u00fan no identificado con el que hab\u00edan visto el cl\u00e1sico rosarino. Tras la finalizaci\u00f3n del mismo los tres se dirigieron hasta la intersecci\u00f3n de <strong>Montevideo y Ov. Lagos<\/strong>, donde interceptaron a <strong>Garcilazo<\/strong>, al igual que otras personas y veh\u00edculos, transitaba por <strong>Ov. Lagos<\/strong> en sentido norte-sur en una motocicleta. Al ver venir a la v\u00edctima con ropa que la identificaba como parcialidad de Rosario Central, <strong>Cabrera<\/strong> y <strong>Reinfestuel<\/strong> y la tercer persona, en forma conjunta, tomaron baldosas de la vereda y las arrojaron violentamente contra la humanidad de la mujer, asumiendo y aceptando la posibilidad cierta y probable de provocar su fallecimiento, tanto por el impacto directo de las piedras a la persona que se encontraba en movimiento como por la posibilidad de hacerla perder el control del motoveh\u00edculo e impactar contra el pavimento o ser arrollada por un veh\u00edculo.<\/p>\n\n\n\n<p><strong>Ivana<\/strong> sufri\u00f3 un impacto en el cr\u00e1neo que le caus\u00f3 un traumatismo enc\u00e9falo craneano grave y le produjo la muerte, por lo que cay\u00f3 desplomada de su moto en el lugar. Seguidamente, <strong>Reinfestuel<\/strong> y la tercera persona huyeron del lugar por <strong>Montevideo<\/strong> al oeste, mientras que <strong>Cabrera<\/strong> se acerc\u00f3 con intenciones de agredir al novio de la v\u00edctima, quien en ese momento detuvo su marcha en el lugar para auxiliar a su pareja. En ese encuentro, el novio de la v\u00edctima se defendi\u00f3 con una linga negra que ten\u00eda en su poder, la cual luego de un forcejeo qued\u00f3 en manos de <strong>Cabrera<\/strong> quien huy\u00f3 del lugar por calle <strong>Montevideo<\/strong> con direcci\u00f3n al este y antes de llegar a calle <strong>Callao<\/strong> la arroj\u00f3 en un \u00e1rbol en la v\u00eda p\u00fablica<\/p>\n\n\n\n<figure class=\"wp-block-image size-large\"><img loading=\"lazy\" decoding=\"async\" width=\"1024\" height=\"576\" src=\"https:\/\/www.rosarioalerta.com.ar\/site\/wp-content\/uploads\/2023\/10\/buscado-2-1024x576.jpg\" alt=\"\" class=\"wp-image-12655\" srcset=\"https:\/\/www.rosarioalerta.com.ar\/site\/wp-content\/uploads\/2023\/10\/buscado-2-1024x576.jpg 1024w, https:\/\/www.rosarioalerta.com.ar\/site\/wp-content\/uploads\/2023\/10\/buscado-2-300x169.jpg 300w, https:\/\/www.rosarioalerta.com.ar\/site\/wp-content\/uploads\/2023\/10\/buscado-2-768x432.jpg 768w, https:\/\/www.rosarioalerta.com.ar\/site\/wp-content\/uploads\/2023\/10\/buscado-2-1536x864.jpg 1536w, https:\/\/www.rosarioalerta.com.ar\/site\/wp-content\/uploads\/2023\/10\/buscado-2-696x392.jpg 696w, https:\/\/www.rosarioalerta.com.ar\/site\/wp-content\/uploads\/2023\/10\/buscado-2-1068x601.jpg 1068w, https:\/\/www.rosarioalerta.com.ar\/site\/wp-content\/uploads\/2023\/10\/buscado-2-747x420.jpg 747w, https:\/\/www.rosarioalerta.com.ar\/site\/wp-content\/uploads\/2023\/10\/buscado-2.jpg 1920w\" sizes=\"auto, (max-width: 1024px) 100vw, 1024px\" \/><\/figure>\n<div class=\"newspaper-x-tags\"><strong>TAGS: <\/strong><span><a href=\"https:\/\/www.rosarioalerta.com.ar\/site\/archivos\/tag\/damian-reinfestuel\" rel=\"tag\">Dami\u00e1n Reinfestuel<\/a><\/span><a href=\"https:\/\/www.rosarioalerta.com.ar\/site\/archivos\/tag\/homicidio\" rel=\"tag\">Homicidio<\/a><\/span><a href=\"https:\/\/www.rosarioalerta.com.ar\/site\/archivos\/tag\/inseguridad\" rel=\"tag\">inseguridad<\/a><\/span><a href=\"https:\/\/www.rosarioalerta.com.ar\/site\/archivos\/tag\/noticias-de-rosario\" rel=\"tag\">Noticias de Rosario<\/a><\/span><a href=\"https:\/\/www.rosarioalerta.com.ar\/site\/archivos\/tag\/rosario\" rel=\"tag\">Rosario<\/a><\/span><a href=\"https:\/\/www.rosarioalerta.com.ar\/site\/archivos\/tag\/santa-fe\" rel=\"tag\">Santa Fe<\/a> <\/div>","protected":false},"excerpt":{"rendered":"<p>A\u00fan sigue pr\u00f3fugo Dami\u00e1n Reinfestuel y otro sujeto sin identificar Este mi\u00e9rcoles, se llev\u00f3 adelante la audiencia imputativa contra Ariel Mat\u00edas Cabrera, a quien el Fiscal Gast\u00f3n \u00c1vila le atribuy\u00f3 el delito de homicidio agravado por ser cometido con ocasi\u00f3n de espect\u00e1culo deportivo, en grado consumado en car\u00e1cter de coautor. El Juez de primera instancia [&hellip;]<\/p>\n","protected":false},"author":2,"featured_media":12653,"comment_status":"open","ping_status":"open","sticky":false,"template":"","format":"standard","meta":{"_joinchat":[],"footnotes":""},"categories":[11,6,13,21,14],"tags":[445,117,54,95,55,65],"class_list":["post-12651","post","type-post","status-publish","format-standard","has-post-thumbnail","hentry","category-detenidos","category-homicidios","category-judiciales","category-noticias","category-policiales","tag-damian-reinfestuel","tag-homicidio","tag-inseguridad","tag-noticias-de-rosario","tag-rosario","tag-santa-fe"],"_links":{"self":[{"href":"https:\/\/www.rosarioalerta.com.ar\/site\/wp-json\/wp\/v2\/posts\/12651","targetHints":{"allow":["GET"]}}],"collection":[{"href":"https:\/\/www.rosarioalerta.com.ar\/site\/wp-json\/wp\/v2\/posts"}],"about":[{"href":"https:\/\/www.rosarioalerta.com.ar\/site\/wp-json\/wp\/v2\/types\/post"}],"author":[{"embeddable":true,"href":"https:\/\/www.rosarioalerta.com.ar\/site\/wp-json\/wp\/v2\/users\/2"}],"replies":[{"embeddable":true,"href":"https:\/\/www.rosarioalerta.com.ar\/site\/wp-json\/wp\/v2\/comments?post=12651"}],"version-history":[{"count":2,"href":"https:\/\/www.rosarioalerta.com.ar\/site\/wp-json\/wp\/v2\/posts\/12651\/revisions"}],"predecessor-version":[{"id":12656,"href":"https:\/\/www.rosarioalerta.com.ar\/site\/wp-json\/wp\/v2\/posts\/12651\/revisions\/12656"}],"wp:featuredmedia":[{"embeddable":true,"href":"https:\/\/www.rosarioalerta.com.ar\/site\/wp-json\/wp\/v2\/media\/12653"}],"wp:attachment":[{"href":"https:\/\/www.rosarioalerta.com.ar\/site\/wp-json\/wp\/v2\/media?parent=12651"}],"wp:term":[{"taxonomy":"category","embeddable":true,"href":"https:\/\/www.rosarioalerta.com.ar\/site\/wp-json\/wp\/v2\/categories?post=12651"},{"taxonomy":"post_tag","embeddable":true,"href":"https:\/\/www.rosarioalerta.com.ar\/site\/wp-json\/wp\/v2\/tags?post=12651"}],"curies":[{"name":"wp","href":"https:\/\/api.w.org\/{rel}","templated":true}]}}