{"id":12070,"date":"2023-09-12T06:53:25","date_gmt":"2023-09-12T09:53:25","guid":{"rendered":"https:\/\/www.rosarioalerta.com.ar\/site\/?p=12070"},"modified":"2023-09-12T06:53:33","modified_gmt":"2023-09-12T09:53:33","slug":"choque-multiple-en-la-autopista-rosario-cordoba-una-mujer-fallecida-y-varios-heridos","status":"publish","type":"post","link":"https:\/\/www.rosarioalerta.com.ar\/site\/archivos\/12070","title":{"rendered":"Choque m\u00faltiple en la autopista Rosario-C\u00f3rdoba: una mujer fallecida y varios heridos"},"content":{"rendered":"\n<p><\/p>\n\n\n\n<p>Se registr\u00f3 a la altura del kil\u00f3metro 330, en la localidad de San Jer\u00f3nimo Sud, la traza estuvo cortada varias horas<\/p>\n\n\n\n<p>El siniestro ocurri\u00f3 pasadas las 14, cuando una fuerte tormenta de viento y tierra provoc\u00f3 una serie de coliciones en cadena que involucraron a 40 veh\u00edculos, entre autos, camiones y camionetas.<\/p>\n\n\n\n<p>En el lugar del hecho, la fiscal de <strong>San Lorenzo<\/strong>, <strong>Dra. Mar\u00eda Eugenia Benvenutto, <\/strong>constat\u00f3 el fallecimiento de <strong>Gabriela Alejandra Baona de 45<\/strong> <strong>a\u00f1os<\/strong>, quien se trasladaba de acompa\u00f1ante en un veh\u00edculo Peugeot Partner. Su pareja, de 38 a\u00f1os, result\u00f3 herido y fue trasladado a un hospital de la zona.<\/p>\n\n\n\n<p>Tambi\u00e9n result\u00f3 herida una menor de 7 a\u00f1os, que se trasladaba en un Ford Focus que fue impactado en la parte trasera. La menor fue trasladada al Hospital V\u00edctor J Vilela, donde se aguarda su evoluci\u00f3n.<\/p>\n\n\n\n<p>La fiscal <strong>Benvenutto<\/strong> orden\u00f3 la realizaci\u00f3n de tareas investigativas y pericias accidentol\u00f3gicas para determinar la mec\u00e1nica del siniestro. Los veh\u00edculos involucrados fueron removidos de la traza para continuar con las pericias.<\/p>\n\n\n\n<p>En la localidad de <strong>San Jer\u00f3nimo Sud<\/strong> se habilit\u00f3 un espacio para la contenci\u00f3n de las personas involucradas en el siniestro. Tambi\u00e9n se dispusieron medidas para agilizar el recupero de pertenencias y elementos personales que se encuentren dentro de los veh\u00edculos. La <strong>autopista Rosario-C\u00f3rdoba<\/strong> permaneci\u00f3 cerrada durante varias horas para permitir las tareas de rescate y pericias, entre <strong>Roldan y Carcara\u00f1\u00e1<\/strong><\/p>\n\n\n\n<p><strong>Consejos para conducir en condiciones clim\u00e1ticas adversas<\/strong><\/p>\n\n\n\n<p>En caso de conducir en condiciones clim\u00e1ticas adversas, es importante tomar los siguientes recaudos:<\/p>\n\n\n\n<ul class=\"wp-block-list\">\n<li>Reduce la velocidad y aumenta la distancia de seguimiento con el veh\u00edculo de adelante.<\/li>\n\n\n\n<li>Evita los cambios de carril bruscos.<\/li>\n\n\n\n<li>Enciende las luces bajas y las intermitentes.<\/li>\n\n\n\n<li>Mantente atento a las condiciones del camino.<\/li>\n\n\n\n<li>Si es posible, evita conducir.<\/li>\n<\/ul>\n<div class=\"newspaper-x-tags\"><strong>TAGS: <\/strong><span><a href=\"https:\/\/www.rosarioalerta.com.ar\/site\/archivos\/tag\/noticias-de-rosario\" rel=\"tag\">Noticias de Rosario<\/a><\/span><a href=\"https:\/\/www.rosarioalerta.com.ar\/site\/archivos\/tag\/rosario\" rel=\"tag\">Rosario<\/a><\/span><a href=\"https:\/\/www.rosarioalerta.com.ar\/site\/archivos\/tag\/santa-fe\" rel=\"tag\">Santa Fe<\/a> <\/div>","protected":false},"excerpt":{"rendered":"<p>Se registr\u00f3 a la altura del kil\u00f3metro 330, en la localidad de San Jer\u00f3nimo Sud, la traza estuvo cortada varias horas El siniestro ocurri\u00f3 pasadas las 14, cuando una fuerte tormenta de viento y tierra provoc\u00f3 una serie de coliciones en cadena que involucraron a 40 veh\u00edculos, entre autos, camiones y camionetas. En el lugar [&hellip;]<\/p>\n","protected":false},"author":2,"featured_media":12071,"comment_status":"open","ping_status":"open","sticky":false,"template":"","format":"standard","meta":{"_joinchat":[],"footnotes":""},"categories":[17,66,21,19,10],"tags":[95,55,65],"class_list":["post-12070","post","type-post","status-publish","format-standard","has-post-thumbnail","hentry","category-heridos","category-inseguridad","category-noticias","category-seguridad-vial","category-siniestros-viales","tag-noticias-de-rosario","tag-rosario","tag-santa-fe"],"_links":{"self":[{"href":"https:\/\/www.rosarioalerta.com.ar\/site\/wp-json\/wp\/v2\/posts\/12070","targetHints":{"allow":["GET"]}}],"collection":[{"href":"https:\/\/www.rosarioalerta.com.ar\/site\/wp-json\/wp\/v2\/posts"}],"about":[{"href":"https:\/\/www.rosarioalerta.com.ar\/site\/wp-json\/wp\/v2\/types\/post"}],"author":[{"embeddable":true,"href":"https:\/\/www.rosarioalerta.com.ar\/site\/wp-json\/wp\/v2\/users\/2"}],"replies":[{"embeddable":true,"href":"https:\/\/www.rosarioalerta.com.ar\/site\/wp-json\/wp\/v2\/comments?post=12070"}],"version-history":[{"count":1,"href":"https:\/\/www.rosarioalerta.com.ar\/site\/wp-json\/wp\/v2\/posts\/12070\/revisions"}],"predecessor-version":[{"id":12072,"href":"https:\/\/www.rosarioalerta.com.ar\/site\/wp-json\/wp\/v2\/posts\/12070\/revisions\/12072"}],"wp:featuredmedia":[{"embeddable":true,"href":"https:\/\/www.rosarioalerta.com.ar\/site\/wp-json\/wp\/v2\/media\/12071"}],"wp:attachment":[{"href":"https:\/\/www.rosarioalerta.com.ar\/site\/wp-json\/wp\/v2\/media?parent=12070"}],"wp:term":[{"taxonomy":"category","embeddable":true,"href":"https:\/\/www.rosarioalerta.com.ar\/site\/wp-json\/wp\/v2\/categories?post=12070"},{"taxonomy":"post_tag","embeddable":true,"href":"https:\/\/www.rosarioalerta.com.ar\/site\/wp-json\/wp\/v2\/tags?post=12070"}],"curies":[{"name":"wp","href":"https:\/\/api.w.org\/{rel}","templated":true}]}}