{"id":11072,"date":"2023-07-13T06:59:35","date_gmt":"2023-07-13T09:59:35","guid":{"rendered":"https:\/\/www.rosarioalerta.com.ar\/site\/?p=11072"},"modified":"2023-07-13T06:59:37","modified_gmt":"2023-07-13T09:59:37","slug":"dieron-de-alta-a-la-adolescente-que-mato-a-su-hijo","status":"publish","type":"post","link":"https:\/\/www.rosarioalerta.com.ar\/site\/archivos\/11072","title":{"rendered":"Dieron de alta a la adolescente que mat\u00f3 a su hijo"},"content":{"rendered":"\n<p><\/p>\n\n\n\n<p>Est\u00e1 con custodia polic\u00eda y bajo el cuidado de profesionales de la salud<\/p>\n\n\n\n<p>En horas del mediod\u00eda de este mi\u00e9rcoles, la adolescente que se encontraba internada en la <strong>Maternidad Mart\u00edn, <\/strong>luego de dar a luz y apu\u00f1alar a su hijo. Fue dada de alta, tras ser sometida a una entrevista por psic\u00f3logos forenses. Se encuentra en un domicilio reservado con custodia policial y bajo la supervisi\u00f3n de la <strong>Direcci\u00f3n de Salud Mental y Ni\u00f1ez de la Municipalidad y de la Provincia<\/strong><\/p>\n<div class=\"newspaper-x-tags\"><strong>TAGS: <\/strong><span><a href=\"https:\/\/www.rosarioalerta.com.ar\/site\/archivos\/tag\/inseguridad\" rel=\"tag\">inseguridad<\/a><\/span><a href=\"https:\/\/www.rosarioalerta.com.ar\/site\/archivos\/tag\/noticias-de-rosario\" rel=\"tag\">Noticias de Rosario<\/a><\/span><a href=\"https:\/\/www.rosarioalerta.com.ar\/site\/archivos\/tag\/rosario\" rel=\"tag\">Rosario<\/a><\/span><a href=\"https:\/\/www.rosarioalerta.com.ar\/site\/archivos\/tag\/santa-fe\" rel=\"tag\">Santa Fe<\/a> <\/div>","protected":false},"excerpt":{"rendered":"<p>Est\u00e1 con custodia polic\u00eda y bajo el cuidado de profesionales de la salud En horas del mediod\u00eda de este mi\u00e9rcoles, la adolescente que se encontraba internada en la Maternidad Mart\u00edn, luego de dar a luz y apu\u00f1alar a su hijo. Fue dada de alta, tras ser sometida a una entrevista por psic\u00f3logos forenses. Se encuentra [&hellip;]<\/p>\n","protected":false},"author":2,"featured_media":11073,"comment_status":"open","ping_status":"open","sticky":false,"template":"","format":"standard","meta":{"_joinchat":[],"footnotes":""},"categories":[6,66,21,14],"tags":[54,95,55,65],"class_list":["post-11072","post","type-post","status-publish","format-standard","has-post-thumbnail","hentry","category-homicidios","category-inseguridad","category-noticias","category-policiales","tag-inseguridad","tag-noticias-de-rosario","tag-rosario","tag-santa-fe"],"_links":{"self":[{"href":"https:\/\/www.rosarioalerta.com.ar\/site\/wp-json\/wp\/v2\/posts\/11072","targetHints":{"allow":["GET"]}}],"collection":[{"href":"https:\/\/www.rosarioalerta.com.ar\/site\/wp-json\/wp\/v2\/posts"}],"about":[{"href":"https:\/\/www.rosarioalerta.com.ar\/site\/wp-json\/wp\/v2\/types\/post"}],"author":[{"embeddable":true,"href":"https:\/\/www.rosarioalerta.com.ar\/site\/wp-json\/wp\/v2\/users\/2"}],"replies":[{"embeddable":true,"href":"https:\/\/www.rosarioalerta.com.ar\/site\/wp-json\/wp\/v2\/comments?post=11072"}],"version-history":[{"count":1,"href":"https:\/\/www.rosarioalerta.com.ar\/site\/wp-json\/wp\/v2\/posts\/11072\/revisions"}],"predecessor-version":[{"id":11074,"href":"https:\/\/www.rosarioalerta.com.ar\/site\/wp-json\/wp\/v2\/posts\/11072\/revisions\/11074"}],"wp:featuredmedia":[{"embeddable":true,"href":"https:\/\/www.rosarioalerta.com.ar\/site\/wp-json\/wp\/v2\/media\/11073"}],"wp:attachment":[{"href":"https:\/\/www.rosarioalerta.com.ar\/site\/wp-json\/wp\/v2\/media?parent=11072"}],"wp:term":[{"taxonomy":"category","embeddable":true,"href":"https:\/\/www.rosarioalerta.com.ar\/site\/wp-json\/wp\/v2\/categories?post=11072"},{"taxonomy":"post_tag","embeddable":true,"href":"https:\/\/www.rosarioalerta.com.ar\/site\/wp-json\/wp\/v2\/tags?post=11072"}],"curies":[{"name":"wp","href":"https:\/\/api.w.org\/{rel}","templated":true}]}}