{"id":11066,"date":"2023-07-12T07:32:47","date_gmt":"2023-07-12T10:32:47","guid":{"rendered":"https:\/\/www.rosarioalerta.com.ar\/site\/?p=11066"},"modified":"2023-07-12T07:32:48","modified_gmt":"2023-07-12T10:32:48","slug":"fallecio-la-beba-apunalada-por-su-madre","status":"publish","type":"post","link":"https:\/\/www.rosarioalerta.com.ar\/site\/archivos\/11066","title":{"rendered":"Falleci\u00f3 la beba apu\u00f1alada por su madre"},"content":{"rendered":"\n<p><\/p>\n\n\n\n<p>Esta madrugada anunciaron el deceso de la criatura<\/p>\n\n\n\n<p>Bajo la caratula de <strong>Infanticidio<\/strong>, ser\u00e1 imputada la adolescente de 17 a\u00f1os y madre de la criatura, que luego de darla a luz en el ba\u00f1o de su casa, habr\u00eda tomado un cuchillo y le efect\u00faa m\u00faltiples pu\u00f1aladas en t\u00f3rax, cuello y extremidades. Llegaron juntas a la <em>Maternidad Martin<\/em>, acompa\u00f1adas de una mujer de 43 a\u00f1os y la polic\u00eda, la beba tuvo asistencia m\u00e9dica asistida en neonatologia, pero pasadas las 5 de esta madrugada fallece<\/p>\n\n\n\n<p>Interviene la Fiscal\u00eda de Homicidios Dolosos y el Juzgado de Menores<\/p>\n\n\n\n<p class=\"has-text-align-center\"><strong>Son 154 los cr\u00edmenes del departamento Rosario y diez los que suma el mes de julio<\/strong><\/p>\n<div class=\"newspaper-x-tags\"><strong>TAGS: <\/strong><span><a href=\"https:\/\/www.rosarioalerta.com.ar\/site\/archivos\/tag\/homicidio\" rel=\"tag\">Homicidio<\/a><\/span><a href=\"https:\/\/www.rosarioalerta.com.ar\/site\/archivos\/tag\/noticias-de-rosario\" rel=\"tag\">Noticias de Rosario<\/a><\/span><a href=\"https:\/\/www.rosarioalerta.com.ar\/site\/archivos\/tag\/perotti\" rel=\"tag\">Perotti<\/a><\/span><a href=\"https:\/\/www.rosarioalerta.com.ar\/site\/archivos\/tag\/rosario\" rel=\"tag\">Rosario<\/a><\/span><a href=\"https:\/\/www.rosarioalerta.com.ar\/site\/archivos\/tag\/santa-fe\" rel=\"tag\">Santa Fe<\/a> <\/div>","protected":false},"excerpt":{"rendered":"<p>Esta madrugada anunciaron el deceso de la criatura Bajo la caratula de Infanticidio, ser\u00e1 imputada la adolescente de 17 a\u00f1os y madre de la criatura, que luego de darla a luz en el ba\u00f1o de su casa, habr\u00eda tomado un cuchillo y le efect\u00faa m\u00faltiples pu\u00f1aladas en t\u00f3rax, cuello y extremidades. Llegaron juntas a la [&hellip;]<\/p>\n","protected":false},"author":2,"featured_media":11067,"comment_status":"open","ping_status":"open","sticky":false,"template":"","format":"standard","meta":{"_joinchat":[],"footnotes":""},"categories":[6,66,21,14],"tags":[117,95,24,55,65],"class_list":["post-11066","post","type-post","status-publish","format-standard","has-post-thumbnail","hentry","category-homicidios","category-inseguridad","category-noticias","category-policiales","tag-homicidio","tag-noticias-de-rosario","tag-perotti","tag-rosario","tag-santa-fe"],"_links":{"self":[{"href":"https:\/\/www.rosarioalerta.com.ar\/site\/wp-json\/wp\/v2\/posts\/11066","targetHints":{"allow":["GET"]}}],"collection":[{"href":"https:\/\/www.rosarioalerta.com.ar\/site\/wp-json\/wp\/v2\/posts"}],"about":[{"href":"https:\/\/www.rosarioalerta.com.ar\/site\/wp-json\/wp\/v2\/types\/post"}],"author":[{"embeddable":true,"href":"https:\/\/www.rosarioalerta.com.ar\/site\/wp-json\/wp\/v2\/users\/2"}],"replies":[{"embeddable":true,"href":"https:\/\/www.rosarioalerta.com.ar\/site\/wp-json\/wp\/v2\/comments?post=11066"}],"version-history":[{"count":1,"href":"https:\/\/www.rosarioalerta.com.ar\/site\/wp-json\/wp\/v2\/posts\/11066\/revisions"}],"predecessor-version":[{"id":11068,"href":"https:\/\/www.rosarioalerta.com.ar\/site\/wp-json\/wp\/v2\/posts\/11066\/revisions\/11068"}],"wp:featuredmedia":[{"embeddable":true,"href":"https:\/\/www.rosarioalerta.com.ar\/site\/wp-json\/wp\/v2\/media\/11067"}],"wp:attachment":[{"href":"https:\/\/www.rosarioalerta.com.ar\/site\/wp-json\/wp\/v2\/media?parent=11066"}],"wp:term":[{"taxonomy":"category","embeddable":true,"href":"https:\/\/www.rosarioalerta.com.ar\/site\/wp-json\/wp\/v2\/categories?post=11066"},{"taxonomy":"post_tag","embeddable":true,"href":"https:\/\/www.rosarioalerta.com.ar\/site\/wp-json\/wp\/v2\/tags?post=11066"}],"curies":[{"name":"wp","href":"https:\/\/api.w.org\/{rel}","templated":true}]}}