{"id":10972,"date":"2023-07-05T20:24:24","date_gmt":"2023-07-05T23:24:24","guid":{"rendered":"https:\/\/www.rosarioalerta.com.ar\/site\/?p=10972"},"modified":"2023-07-05T20:24:25","modified_gmt":"2023-07-05T23:24:25","slug":"siguen-las-balaceras-6","status":"publish","type":"post","link":"https:\/\/www.rosarioalerta.com.ar\/site\/archivos\/10972","title":{"rendered":"Siguen las balaceras"},"content":{"rendered":"\n<p><\/p>\n\n\n\n<p>Atentaron contra un comercio<\/p>\n\n\n\n<p>Ocurri\u00f3 pasadas las 19, de este mi\u00e9rcoles, donde gatilleros atentaron contra un bar que est\u00e1 ubicado por <strong>Pellegrini a metros de Avellaneda<\/strong>, donde adem\u00e1s de este comercio hay una parada de colectivos, al lado un restor\u00e1n y en un horario que por la zona transita mucha gente<\/p>\n\n\n\n<p>Si bien no hubo lesionados, s\u00ed da\u00f1os materiales, m\u00e1s de media docena de balas se contabilizaron en la escena. Todo se da en el marco del d\u00eda que imputaron con prisi\u00f3n preventiva al <strong>Clan Riquelme<\/strong>, por atentar e finalidad infundir temor y conmoci\u00f3n p\u00fablica<\/p>\n<div class=\"newspaper-x-tags\"><strong>TAGS: <\/strong><span><a href=\"https:\/\/www.rosarioalerta.com.ar\/site\/archivos\/tag\/balaceras\" rel=\"tag\">Balaceras<\/a><\/span><a href=\"https:\/\/www.rosarioalerta.com.ar\/site\/archivos\/tag\/noticias-de-rosario\" rel=\"tag\">Noticias de Rosario<\/a><\/span><a href=\"https:\/\/www.rosarioalerta.com.ar\/site\/archivos\/tag\/perotti\" rel=\"tag\">Perotti<\/a><\/span><a href=\"https:\/\/www.rosarioalerta.com.ar\/site\/archivos\/tag\/rosario\" rel=\"tag\">Rosario<\/a><\/span><a href=\"https:\/\/www.rosarioalerta.com.ar\/site\/archivos\/tag\/santa-fe\" rel=\"tag\">Santa Fe<\/a> <\/div>","protected":false},"excerpt":{"rendered":"<p>Atentaron contra un comercio Ocurri\u00f3 pasadas las 19, de este mi\u00e9rcoles, donde gatilleros atentaron contra un bar que est\u00e1 ubicado por Pellegrini a metros de Avellaneda, donde adem\u00e1s de este comercio hay una parada de colectivos, al lado un restor\u00e1n y en un horario que por la zona transita mucha gente Si bien no hubo [&hellip;]<\/p>\n","protected":false},"author":2,"featured_media":10973,"comment_status":"open","ping_status":"open","sticky":false,"template":"","format":"standard","meta":{"_joinchat":[],"footnotes":""},"categories":[15,66,21,14],"tags":[68,95,24,55,65],"class_list":["post-10972","post","type-post","status-publish","format-standard","has-post-thumbnail","hentry","category-balaceras","category-inseguridad","category-noticias","category-policiales","tag-balaceras","tag-noticias-de-rosario","tag-perotti","tag-rosario","tag-santa-fe"],"_links":{"self":[{"href":"https:\/\/www.rosarioalerta.com.ar\/site\/wp-json\/wp\/v2\/posts\/10972","targetHints":{"allow":["GET"]}}],"collection":[{"href":"https:\/\/www.rosarioalerta.com.ar\/site\/wp-json\/wp\/v2\/posts"}],"about":[{"href":"https:\/\/www.rosarioalerta.com.ar\/site\/wp-json\/wp\/v2\/types\/post"}],"author":[{"embeddable":true,"href":"https:\/\/www.rosarioalerta.com.ar\/site\/wp-json\/wp\/v2\/users\/2"}],"replies":[{"embeddable":true,"href":"https:\/\/www.rosarioalerta.com.ar\/site\/wp-json\/wp\/v2\/comments?post=10972"}],"version-history":[{"count":1,"href":"https:\/\/www.rosarioalerta.com.ar\/site\/wp-json\/wp\/v2\/posts\/10972\/revisions"}],"predecessor-version":[{"id":10974,"href":"https:\/\/www.rosarioalerta.com.ar\/site\/wp-json\/wp\/v2\/posts\/10972\/revisions\/10974"}],"wp:featuredmedia":[{"embeddable":true,"href":"https:\/\/www.rosarioalerta.com.ar\/site\/wp-json\/wp\/v2\/media\/10973"}],"wp:attachment":[{"href":"https:\/\/www.rosarioalerta.com.ar\/site\/wp-json\/wp\/v2\/media?parent=10972"}],"wp:term":[{"taxonomy":"category","embeddable":true,"href":"https:\/\/www.rosarioalerta.com.ar\/site\/wp-json\/wp\/v2\/categories?post=10972"},{"taxonomy":"post_tag","embeddable":true,"href":"https:\/\/www.rosarioalerta.com.ar\/site\/wp-json\/wp\/v2\/tags?post=10972"}],"curies":[{"name":"wp","href":"https:\/\/api.w.org\/{rel}","templated":true}]}}